[{"@context":"https:\/\/schema.org\/","@type":"Article","@id":"https:\/\/www.raes.cz\/zarizujete-interier-prakticky-a-ucelne\/#Article","mainEntityOfPage":"https:\/\/www.raes.cz\/zarizujete-interier-prakticky-a-ucelne\/","headline":"Za\u0159izujete interi\u00e9r prakticky a \u00fa\u010deln\u011b?","name":"Za\u0159izujete interi\u00e9r prakticky a \u00fa\u010deln\u011b?","description":"Pak je zem nesporn&Auml;&#8250; d&Aring;&macr;le&Aring;&frac34;itou &Auml;&Atilde;&iexcl;st&Atilde;&shy;, na kterou byste p&Aring;&#8482;i sv&Atilde;&frac12;ch toulk&Atilde;&iexcl;ch za kvalitn&Atilde;&shy;mi materi&Atilde;&iexcl;ly v atraktivn&Atilde;&shy;ch dekorech nem&Auml;&#8250;li rozhodn&Auml;&#8250; zapom&Atilde;&shy;nat. Jak z&Atilde;&shy;skat na m&Atilde;&shy;ru &hellip; ","datePublished":"2023-04-04","dateModified":"2024-04-05","author":{"@type":"Person","@id":"https:\/\/www.raes.cz\/author\/#Person","name":"","url":"https:\/\/www.raes.cz\/author\/","identifier":1,"image":{"@type":"ImageObject","@id":"https:\/\/secure.gravatar.com\/avatar\/13dbcc20b7c05fcb5c4a6b0bee5a7107a0aae9238a83a4088a42d170780b2eca?s=96&d=mm&r=g","url":"https:\/\/secure.gravatar.com\/avatar\/13dbcc20b7c05fcb5c4a6b0bee5a7107a0aae9238a83a4088a42d170780b2eca?s=96&d=mm&r=g","height":96,"width":96}},"publisher":{"@type":"Organization","name":"raes.cz","logo":{"@type":"ImageObject","@id":"\/logo.png","url":"\/logo.png","width":600,"height":60}},"url":"https:\/\/www.raes.cz\/zarizujete-interier-prakticky-a-ucelne\/","wordCount":398,"articleBody":"Pak je zem nesporn&Auml;&#8250; d&Aring;&macr;le&Aring;&frac34;itou &Auml;&Atilde;&iexcl;st&Atilde;&shy;, na kterou byste p&Aring;&#8482;i sv&Atilde;&frac12;ch toulk&Atilde;&iexcl;ch za kvalitn&Atilde;&shy;mi materi&Atilde;&iexcl;ly v atraktivn&Atilde;&shy;ch dekorech nem&Auml;&#8250;li rozhodn&Auml;&#8250; zapom&Atilde;&shy;nat. Jak z&Atilde;&shy;skat na m&Atilde;&shy;ru konkr&Atilde;&copy;tn&Atilde;&shy;ho prostoru odpov&Atilde;&shy;daj&Atilde;&shy;c&Atilde;&shy; podlahovou krytinu, kter&Atilde;&iexcl; dokonale sv&Atilde;&frac12;mi vlastnostmi pokryje ve&Aring;&iexcl;ker&Atilde;&copy; Va&Aring;&iexcl;e po&Aring;&frac34;adavky? N&Atilde;&iexcl;rokujte si nejvy&Aring;&iexcl;&Aring;&iexcl;&Atilde;&shy; standard servisu, kter&Atilde;&frac12; V&Atilde;&iexcl;m zajist&Atilde;&shy; p&Aring;&#8482;i prodeji i mont&Atilde;&iexcl;&Aring;&frac34;i d&Aring;&#8482;ev&Auml;&#8250;n&Atilde;&copy; podlahy masivn&Atilde;&shy; i plovouc&Atilde;&shy; specializovan&Atilde;&iexcl; firma, kter&Atilde;&iexcl; je v oboru klasick&Atilde;&frac12;ch materi&Atilde;&iexcl;l&Aring;&macr; jako doma.Zab&Atilde;&frac12;v&Atilde;&iexcl;me se prodejem a rovn&Auml;&#8250;&Aring;&frac34; profesion&Atilde;&iexcl;ln&Atilde;&shy;mi mont&Atilde;&iexcl;&Aring;&frac34;emiV kolekci, jakou jsou d&Aring;&#8482;even&Atilde;&copy; podlahy, se nevylu&Auml;uje klasick&Atilde;&frac12; pohled slou&Auml;en&Atilde;&frac12; dokonale s modern&Atilde;&shy;mi trendy, kter&Atilde;&copy; jsou moment&Atilde;&iexcl;ln&Auml;&#8250; v oboru interi&Atilde;&copy;rov&Atilde;&copy; architektury aktu&Atilde;&iexcl;ln&Auml;&#8250; platn&Atilde;&copy;. Na to produktov&Atilde;&frac12; katalog, kter&Atilde;&frac12; V&Atilde;&iexcl;m k v&Atilde;&frac12;b&Auml;&#8250;ru konkr&Atilde;&copy;tn&Atilde;&shy; podlahov&Atilde;&copy; krytiny r&Atilde;&iexcl;d za sympatick&Atilde;&frac12;ch cenov&Atilde;&frac12;ch podm&Atilde;&shy;nek p&Aring;&#8482;edlo&Aring;&frac34;&Atilde;&shy; specializovan&Atilde;&frac12; obchodn&Atilde;&shy;k, nezapom&Atilde;&shy;n&Atilde;&iexcl;. A v neposledn&Atilde;&shy; &Aring;&#8482;ad&Auml;&#8250; cel&Atilde;&frac12; sortiment neopom&Atilde;&shy;n&Atilde;&iexcl; tak&Atilde;&copy; faktor kreativity a originality dez&Atilde;&copy;n&Aring;&macr;, z nich&Aring;&frac34; si ka&Aring;&frac34;d&Atilde;&frac12; spot&Aring;&#8482;ebitel m&Aring;&macr;&Aring;&frac34;e vybrat dekor nejbli&Aring;&frac34;&Aring;&iexcl;&Atilde;&shy; sv&Atilde;&copy;mu vkusu.                                                                                                                                                                                                                                                                                                                                                                                        4\/5 - (9 votes)        "},{"@context":"https:\/\/schema.org\/","@type":"BreadcrumbList","itemListElement":[{"@type":"ListItem","position":1,"name":"Za\u0159izujete interi\u00e9r prakticky a \u00fa\u010deln\u011b?","item":"https:\/\/www.raes.cz\/zarizujete-interier-prakticky-a-ucelne\/#breadcrumbitem"}]}]