[{"@context":"https:\/\/schema.org\/","@type":"Article","@id":"https:\/\/www.raes.cz\/venkovni-posezeni\/#Article","mainEntityOfPage":"https:\/\/www.raes.cz\/venkovni-posezeni\/","headline":"Venkovn\u00ed posezen\u00ed","name":"Venkovn\u00ed posezen\u00ed","description":"Samoz\u0159ejm\u011b, \u017ee pokud pr\u0161\u00ed, tak to asi ne. A\u010dkoli, zn\u00e1m i takov\u00e9 lidi\u2026 Jedn\u00edm z nich jsem j\u00e1 s\u00e1m. Vysed\u00e1val jsem venku v\u017edy kdy\u017e to &hellip; ","datePublished":"2021-10-10","dateModified":"2023-12-08","author":{"@type":"Person","@id":"https:\/\/www.raes.cz\/author\/#Person","name":"","url":"https:\/\/www.raes.cz\/author\/","identifier":1,"image":{"@type":"ImageObject","@id":"https:\/\/secure.gravatar.com\/avatar\/13dbcc20b7c05fcb5c4a6b0bee5a7107a0aae9238a83a4088a42d170780b2eca?s=96&d=mm&r=g","url":"https:\/\/secure.gravatar.com\/avatar\/13dbcc20b7c05fcb5c4a6b0bee5a7107a0aae9238a83a4088a42d170780b2eca?s=96&d=mm&r=g","height":96,"width":96}},"publisher":{"@type":"Organization","name":"raes.cz","logo":{"@type":"ImageObject","@id":"\/logo.png","url":"\/logo.png","width":600,"height":60}},"image":{"@type":"ImageObject","@id":"https:\/\/www.raes.cz\/wp-content\/uploads\/pexels-photo-5984690_1.jpeg","url":"https:\/\/www.raes.cz\/wp-content\/uploads\/pexels-photo-5984690_1.jpeg","height":0,"width":0},"url":"https:\/\/www.raes.cz\/venkovni-posezeni\/","about":["N\u00e1kupy"],"wordCount":437,"articleBody":"        Samoz\u0159ejm\u011b, \u017ee pokud pr\u0161\u00ed, tak to asi ne. A\u010dkoli, zn\u00e1m i takov\u00e9 lidi\u2026 Jedn\u00edm z nich jsem j\u00e1 s\u00e1m. Vysed\u00e1val jsem venku v\u017edy kdy\u017e to \u0161lo. Jen za de\u0161t\u011b byly pot\u00ed\u017ee, a tak jsem nechal zast\u0159e\u0161it starou pergolu a vysed\u00e1val jsem tak i za de\u0161t\u011b. A to se to kr\u00e1sn\u011b psalo, kapky bubnovaly, kolem klid, prost\u011b, pro mne idylka. Ka\u017ed\u00fd, kdo m\u00e1 v\u011bt\u0161\u00ed zahr\u00e1dku by m\u011bl m\u00edt n\u011bco podobn\u00e9ho. Lze to ud\u011blat i ze zbytk\u016f stavby, nebo z jin\u00fdch rozli\u010dn\u00fdch materi\u00e1l\u016f, jen\u017ee to chce n\u011bco um\u011bt a m\u00edt na ty materi\u00e1ly \u0161t\u011bst\u00ed. A pokud chce \u010dlov\u011bk n\u011bjak\u00fd alt\u00e1n \u010di pergolu co nejrychleji, nem\u016f\u017ee postupovat zp\u016fsobem shora popsan\u00fdm. Takov\u00fd \u010dlobrda si m\u016f\u017ee koupit v\u0161echen materi\u00e1l a pak b\u011bhat s metrem a libelou po zahrad\u011b. Nakonec stejn\u011b zjist\u00ed, \u017ee bude probl\u00e9m, nebo t\u0159eba stav\u011bt za\u010dne, ale ubl\u00ed\u017e\u00ed si p\u0159i tom. Tak\u017ee mu nezbude ne\u017e sehnat n\u011bjakou pofidern\u00ed osobu, kter\u00e1 zase n\u011bco p\u0159ikoup\u00ed, n\u011bco ud\u011bl\u00e1 tam a n\u011bco zde, ale pak se na to stejn\u011b vykvajzne. Krucihiml s t\u00edm. \u010clov\u00ed\u010dek si tedy na to objedn\u00e1 nezn\u00e1mou a neprov\u011b\u0159enou firmu, kter\u00e1 p\u0159ijede i s materi\u00e1lem, proto\u017ee ciz\u00ed pou\u017e\u00edvat p\u0159ece nebude a tato postav\u00ed n\u011bco mezi kr\u00e1l\u00edk\u00e1rnou a \u0161ibenic\u00ed. \u0160marj\u00e1 co s t\u00edm? Nic, p\u0159i prvn\u00edm z\u00e1vanu v\u011btru to \u017ebuchne samo a je klid. A jeden pak nev\u00ed co d\u00e1l. M\u00e1m zde dobrou radu pro toho jednoho. \u010cti d\u00e1le. A dozv\u00ed\u0161 se, co s t\u00edm. Chce to prost\u011b firmu, kter\u00e1 pergoly, alt\u00e1ny a v\u016fbec v\u0161elijak\u00e9 takov\u00e9 stavby prov\u00e1d\u00ed na profesion\u00e1ln\u00ed \u00farovni. M\u00e1 tedy samoz\u0159ejm\u011b v\u0161echny osv\u011bd\u010den\u00ed, m\u00e1 na to i zku\u0161en\u00e9 lidi a tak\u00e9 pot\u0159ebnou techniku. O materi\u00e1lu se zde snad ani \u0161\u00ed\u0159it nemus\u00edm. Tato firma sem p\u0159ijede a n\u011bkter\u00fd z jejich lid\u00ed se asi zept\u00e1, na kolik alt\u00e1nk\u016f \u010di pergol je zde ten materi\u00e1l, ale pak se pust\u00ed do pr\u00e1ce. To, co je nekvalitn\u00ed d\u00e1 stranou na podpal, a to svoje ve kvalit\u011b prvn\u00ed jakosti pou\u017eije. Objednavatel s\u00e1m m\u016f\u017ee jen p\u0159ihl\u00ed\u017eet, zda je to podle jeho gusta a p\u0159\u00e1n\u00ed a ji\u017e ve\u010der si pod pergolou ud\u011bl\u00e1 pohodl\u00ed.                                                                                                                                                                                                                                                                                                                                                                                           4.7\/5 - (4 votes)        "},{"@context":"https:\/\/schema.org\/","@type":"BreadcrumbList","itemListElement":[{"@type":"ListItem","position":1,"name":"Venkovn\u00ed posezen\u00ed","item":"https:\/\/www.raes.cz\/venkovni-posezeni\/#breadcrumbitem"}]}]