[{"@context":"https:\/\/schema.org\/","@type":"Article","@id":"https:\/\/www.raes.cz\/uzivejte-si-zivota-na-plno\/#Article","mainEntityOfPage":"https:\/\/www.raes.cz\/uzivejte-si-zivota-na-plno\/","headline":"U\u017e\u00edvejte si \u017eivota na plno","name":"U\u017e\u00edvejte si \u017eivota na plno","description":"U\u017e si ani nepamatujete, kdy\u017e jste si \u017eivota u\u017e\u00edval na plno a nem\u011bl starosti s prostatou? My v\u00e1m to pom\u016f\u017eeme zm\u011bnit jednou pro v\u017edy. Nebudete &hellip; ","datePublished":"2025-02-15","dateModified":"2025-02-15","author":{"@type":"Person","@id":"https:\/\/www.raes.cz\/author\/#Person","name":"","url":"https:\/\/www.raes.cz\/author\/","identifier":1,"image":{"@type":"ImageObject","@id":"https:\/\/secure.gravatar.com\/avatar\/13dbcc20b7c05fcb5c4a6b0bee5a7107a0aae9238a83a4088a42d170780b2eca?s=96&d=mm&r=g","url":"https:\/\/secure.gravatar.com\/avatar\/13dbcc20b7c05fcb5c4a6b0bee5a7107a0aae9238a83a4088a42d170780b2eca?s=96&d=mm&r=g","height":96,"width":96}},"publisher":{"@type":"Organization","name":"raes.cz","logo":{"@type":"ImageObject","@id":"\/logo.png","url":"\/logo.png","width":600,"height":60}},"url":"https:\/\/www.raes.cz\/uzivejte-si-zivota-na-plno\/","wordCount":182,"articleBody":"U\u017e si ani nepamatujete, kdy\u017e jste si \u017eivota u\u017e\u00edval na plno a nem\u011bl starosti s prostatou? My v\u00e1m to pom\u016f\u017eeme zm\u011bnit jednou pro v\u017edy. Nebudete muset p\u0159em\u00fd\u0161let nad sv\u00fdmi probl\u00e9my a zat\u011b\u017eovat si t\u00edm zbyte\u010dn\u011b hlavu. Nev\u00e1hejte vyu\u017e\u00edt na\u0161ich prost\u0159edk\u016f a u\u017e\u00edvejte si \u017eivota op\u011bt na plno se v\u0161\u00edm v\u0161ude. Pom\u016f\u017eeme v\u00e1m se op\u011bt radovat ze \u017eivota. Ka\u017ed\u00e1, i ta nejmen\u0161\u00ed zm\u011bna k lep\u0161\u00edmu je lep\u0161\u00ed, ne\u017e \u017e\u00e1dn\u00e1 Boj\u00edte se, \u017ee kdy\u017e vyu\u017eijete p\u0159\u00edpravky, kter\u00e9 jsou ur\u010deny na probl\u00e9my s prostatou, tak se v\u00e1m v\u00e1\u0161 probl\u00e9m zmen\u0161\u00ed jen o kous\u00ed\u010dek? V\u011b\u0159te n\u00e1m, \u017ee i ta sebemen\u0161\u00ed zm\u011bna je lep\u0161\u00ed ne\u017e \u017e\u00e1dn\u00e1. Neztr\u00e1cejte sv\u016fj drahocenn\u00fd \u010das \u010dek\u00e1n\u00edm, \u017ee se to zlep\u0161\u00ed, proto\u017ee v\u00edme, \u017ee samo se to nikdy nezlep\u0161\u00ed a rad\u011bji jednejte. My v\u00e1m nab\u00edz\u00edme opravdu \u00fa\u010dinn\u00fd p\u0159\u00edpravek na v\u00e1\u0161 probl\u00e9m.                                                                                                                                                                                                                                                                                                                                                                                        5\/5 - (1 vote)        "},{"@context":"https:\/\/schema.org\/","@type":"BreadcrumbList","itemListElement":[{"@type":"ListItem","position":1,"name":"U\u017e\u00edvejte si \u017eivota na plno","item":"https:\/\/www.raes.cz\/uzivejte-si-zivota-na-plno\/#breadcrumbitem"}]}]