[{"@context":"https:\/\/schema.org\/","@type":"Article","@id":"https:\/\/www.raes.cz\/stridava-pece-a-vse-kolem-ni\/#Article","mainEntityOfPage":"https:\/\/www.raes.cz\/stridava-pece-a-vse-kolem-ni\/","headline":"St\u0159\u00eddav\u00e1 p\u00e9\u010de a v\u0161e kolem n\u00ed","name":"St\u0159\u00eddav\u00e1 p\u00e9\u010de a v\u0161e kolem n\u00ed","description":"Bohu\u017eel ne ka\u017ed\u00e9 man\u017eelstv\u00ed nebo vztah vydr\u017e\u00ed v\u011b\u010dnost, a pokud z\u00a0tohoto vztahu m\u00e1te d\u011bti, je rozchod o to obt\u00ed\u017en\u011bj\u0161\u00ed. Snad ka\u017ed\u00fd rodi\u010d chce pro sv\u00e9 &hellip; ","datePublished":"2019-12-27","dateModified":"2023-05-01","author":{"@type":"Person","@id":"https:\/\/www.raes.cz\/author\/#Person","name":"","url":"https:\/\/www.raes.cz\/author\/","identifier":1,"image":{"@type":"ImageObject","@id":"https:\/\/secure.gravatar.com\/avatar\/13dbcc20b7c05fcb5c4a6b0bee5a7107a0aae9238a83a4088a42d170780b2eca?s=96&d=mm&r=g","url":"https:\/\/secure.gravatar.com\/avatar\/13dbcc20b7c05fcb5c4a6b0bee5a7107a0aae9238a83a4088a42d170780b2eca?s=96&d=mm&r=g","height":96,"width":96}},"publisher":{"@type":"Organization","name":"raes.cz","logo":{"@type":"ImageObject","@id":"\/logo.png","url":"\/logo.png","width":600,"height":60}},"image":{"@type":"ImageObject","@id":"https:\/\/www.raes.cz\/wp-content\/uploads\/img_a362859_w3222_t1575807677.jpg","url":"https:\/\/www.raes.cz\/wp-content\/uploads\/img_a362859_w3222_t1575807677.jpg","height":0,"width":0},"url":"https:\/\/www.raes.cz\/stridava-pece-a-vse-kolem-ni\/","about":["D\u011bti"],"wordCount":487,"articleBody":"Bohu\u017eel ne ka\u017ed\u00e9 man\u017eelstv\u00ed nebo vztah vydr\u017e\u00ed v\u011b\u010dnost, a pokud z\u00a0tohoto vztahu m\u00e1te d\u011bti, je rozchod o to obt\u00ed\u017en\u011bj\u0161\u00ed. Snad ka\u017ed\u00fd rodi\u010d chce pro sv\u00e9 d\u00edt\u011b to nejlep\u0161\u00ed, ale co je to v\u00a0tuto chv\u00edli, to je t\u011b\u017ek\u00e9 \u0159\u00edct. Pokud v\u0161ak d\u011bti maj\u00ed p\u011bkn\u00fd vztah jak s\u00a0matkou, tak s\u00a0otcem, budou cht\u00edt s\u00a0ob\u011bma tr\u00e1vit co nejv\u00edce \u010dasu.\tSt\u0159\u00eddav\u00e1 p\u00e9\u010de je trend, kter\u00fd se roz\u0161i\u0159uje posledn\u00edch p\u00e1r let. Sna\u017e\u00ed umo\u017enit ob\u011bma rodi\u010d\u016fm stejnou p\u00e9\u010di o d\u011bti a rozprost\u0159\u00edt povinnosti mezi oba dva. Tato p\u00e9\u010de je v\u0161ak hodn\u00e1 jen pro p\u00e1ry, kter\u00e9 jsou schopny spolu komunikovat a cht\u011bj\u00ed pro sv\u00e9 d\u011bti to stejn\u00e9. Rozhodn\u011b nen\u00ed vhodnou volbou pro rodi\u010de, kte\u0159\u00ed nemaj\u00ed na sv\u00e9 d\u011bti dostatek \u010dasu a nemaj\u00ed t\u00e9\u017e vhodn\u00e9 z\u00e1zem\u00ed pro jejich v\u00fdchovu. D\u00e1le se nedoporu\u010duje u mal\u00fdch d\u011bt\u00ed cca do 7 let v\u011bku.\tNaopak p\u0159ek\u00e1\u017ekou nen\u00ed ani velk\u00e1 vzd\u00e1lenost mezi rodi\u010di, v\u00a0tomto p\u0159\u00edpad\u011b soud m\u016f\u017ee st\u0159\u00edd\u00e1n\u00ed navrhnout t\u0159eba po 14 dnech, aby d\u00edt\u011b neust\u00e1le necestovalo s\u00a0bat\u016f\u017ekem mezi dv\u011bma domovy. D\u00edt\u011b m\u00e1 pak dv\u011b z\u00e1kladn\u00ed \u0161koly, kter\u00e9 nav\u0161t\u011bvuje. U ka\u017ed\u00e9ho rodi\u010de m\u00e1 pak sv\u00e9 z\u00e1zem\u00ed, oble\u010den\u00ed a pot\u0159ebn\u00e9 v\u011bci do \u0161koly a m\u016f\u017ee tak s\u00a0otcem i matkou tr\u00e1vit stejn\u00fd \u010das.\tNev\u00fdhodou st\u0159\u00eddav\u00e9 p\u00e9\u010de ur\u010dit\u011b je, \u017ee d\u00edt\u011b si mus\u00ed zvyknout na st\u0159\u00eddav\u00fd re\u017eim a mus\u00ed tomu p\u0159izp\u016fsobit i sv\u016fj voln\u00fd \u010das a kon\u00ed\u010dky. Je nuceno si naj\u00edt dvoj\u00ed kamar\u00e1dy a v\u00a0neposledn\u00ed \u0159ad\u011b se za\u010dlenit do dvou rodin, jeliko\u017e je p\u0159edpokladem, \u017ee matka s\u00a0otcem zalo\u017e\u00ed dal\u0161\u00ed rodiny. N\u011bkter\u00e9 d\u011bti v\u00a0dosp\u011blosti sv\u00fdm rodi\u010d\u016fm pod\u011bkuj\u00ed, \u017ee m\u011bly \u0161anci b\u00fdt s\u00a0ob\u011bma, bohu\u017eel n\u011bkter\u00e9 jim to zase vy\u010dtou, proto\u017ee jim zni\u010dili d\u011btstv\u00ed.\t\tRodi\u010de znaj\u00ed sv\u00e9 d\u011bti nejl\u00e9pe a v\u00a0rozhodov\u00e1n\u00ed o dal\u0161\u00ed p\u00e9\u010di o n\u011b by m\u011bli d\u00e1t stranou z\u00e1\u0161\u0165 a neshody, co m\u011bli mezi sebou d\u0159\u00edve a uva\u017eovat s\u00a0chladnou a \u010distou hlavou. U st\u0159\u00eddav\u00e9 p\u00e9\u010de soud tak\u00e9 ur\u010duje v\u00fd\u017eivn\u00e9 na d\u011bti, a\u0165 u\u017e ob\u011bma rodi\u010d\u016fm stejn\u00e9 nebo pak jednomu vy\u0161\u0161\u00ed, z\u00e1le\u017e\u00ed na v\u00fd\u0161i dolo\u017een\u00fdch p\u0159\u00edjm\u016f.\tPokud jsou v\u0161ak schopni spolu rodi\u010de norm\u00e1ln\u011b fungovat, m\u016f\u017ee soud stanovit, \u017ee se maj\u00ed na v\u0161em domlouvat mezi sebou a nen\u00ed jim tedy nic na\u0159izov\u00e1no. Bohu\u017eel takov\u00fdch p\u0159\u00edpad\u016f je jen velmi m\u00e1lo.                                                                                                                                                                                                                                                                                                                                                                                        3.9\/5 - (9 votes)        "},{"@context":"https:\/\/schema.org\/","@type":"BreadcrumbList","itemListElement":[{"@type":"ListItem","position":1,"name":"St\u0159\u00eddav\u00e1 p\u00e9\u010de a v\u0161e kolem n\u00ed","item":"https:\/\/www.raes.cz\/stridava-pece-a-vse-kolem-ni\/#breadcrumbitem"}]}]