{"@context":"https:\/\/schema.org\/","@type":"CollectionPage","@id":"https:\/\/www.raes.cz\/sport\/#CollectionPage","headline":"Sport Category","description":"","url":"https:\/\/www.raes.cz\/sport\/","hasPart":[{"@type":"Article","@id":"https:\/\/www.raes.cz\/jak-moc-vest-deti-ke-sportu\/","headline":"Jak moc v\u00e9st d\u011bti ke sportu?","url":"https:\/\/www.raes.cz\/jak-moc-vest-deti-ke-sportu\/","datePublished":"2022-07-30","dateModified":"2023-05-01","mainEntityOfPage":"https:\/\/www.raes.cz\/jak-moc-vest-deti-ke-sportu\/","author":{"@type":"Person","@id":"https:\/\/www.raes.cz\/author\/#Person","name":"","url":"https:\/\/www.raes.cz\/author\/","identifier":1,"image":{"@type":"ImageObject","@id":"https:\/\/secure.gravatar.com\/avatar\/13dbcc20b7c05fcb5c4a6b0bee5a7107a0aae9238a83a4088a42d170780b2eca?s=96&d=mm&r=g","url":"https:\/\/secure.gravatar.com\/avatar\/13dbcc20b7c05fcb5c4a6b0bee5a7107a0aae9238a83a4088a42d170780b2eca?s=96&d=mm&r=g","height":96,"width":96}},"publisher":{"@type":"Organization","name":"raes.cz","logo":{"@type":"ImageObject","@id":"\/logo.png","url":"\/logo.png","width":600,"height":60}},"image":{"@type":"ImageObject","@id":"https:\/\/www.raes.cz\/wp-content\/uploads\/sport3_8.jpg","url":"https:\/\/www.raes.cz\/wp-content\/uploads\/sport3_8.jpg","height":0,"width":0},"keywords":null},{"@type":"Article","@id":"https:\/\/www.raes.cz\/kvalita-na-prvnim-miste\/","headline":"Kvalita na prvn\u00edm m\u00edst\u011b","url":"https:\/\/www.raes.cz\/kvalita-na-prvnim-miste\/","datePublished":"2019-08-20","dateModified":"2023-05-01","mainEntityOfPage":"https:\/\/www.raes.cz\/kvalita-na-prvnim-miste\/","author":{"@type":"Person","@id":"https:\/\/www.raes.cz\/author\/#Person","name":"","url":"https:\/\/www.raes.cz\/author\/","identifier":1,"image":{"@type":"ImageObject","@id":"https:\/\/secure.gravatar.com\/avatar\/13dbcc20b7c05fcb5c4a6b0bee5a7107a0aae9238a83a4088a42d170780b2eca?s=96&d=mm&r=g","url":"https:\/\/secure.gravatar.com\/avatar\/13dbcc20b7c05fcb5c4a6b0bee5a7107a0aae9238a83a4088a42d170780b2eca?s=96&d=mm&r=g","height":96,"width":96}},"publisher":{"@type":"Organization","name":"raes.cz","logo":{"@type":"ImageObject","@id":"\/logo.png","url":"\/logo.png","width":600,"height":60}},"image":{"@type":"ImageObject","@id":"https:\/\/www.raes.cz\/wp-content\/uploads\/img_a358580_w1949_t1572945816.jpg","url":"https:\/\/www.raes.cz\/wp-content\/uploads\/img_a358580_w1949_t1572945816.jpg","height":0,"width":0},"keywords":null},{"@type":"Article","@id":"https:\/\/www.raes.cz\/darek-za-vysvedceni\/","headline":"D\u00e1rek za vysv\u011bd\u010den\u00ed","url":"https:\/\/www.raes.cz\/darek-za-vysvedceni\/","datePublished":"2017-12-17","dateModified":"2023-05-01","mainEntityOfPage":"https:\/\/www.raes.cz\/darek-za-vysvedceni\/","author":{"@type":"Person","@id":"https:\/\/www.raes.cz\/author\/#Person","name":"","url":"https:\/\/www.raes.cz\/author\/","identifier":1,"image":{"@type":"ImageObject","@id":"https:\/\/secure.gravatar.com\/avatar\/13dbcc20b7c05fcb5c4a6b0bee5a7107a0aae9238a83a4088a42d170780b2eca?s=96&d=mm&r=g","url":"https:\/\/secure.gravatar.com\/avatar\/13dbcc20b7c05fcb5c4a6b0bee5a7107a0aae9238a83a4088a42d170780b2eca?s=96&d=mm&r=g","height":96,"width":96}},"publisher":{"@type":"Organization","name":"raes.cz","logo":{"@type":"ImageObject","@id":"\/logo.png","url":"\/logo.png","width":600,"height":60}},"image":{"@type":"ImageObject","@id":"https:\/\/www.raes.cz\/wp-content\/uploads\/img_a306297_w2445_t1517412613.jpg","url":"https:\/\/www.raes.cz\/wp-content\/uploads\/img_a306297_w2445_t1517412613.jpg","height":0,"width":0},"keywords":null}]}