[{"@context":"https:\/\/schema.org\/","@type":"Article","@id":"https:\/\/www.raes.cz\/s-nasimi-akcnimi-slevami-se-ve-svete-neztratite\/#Article","mainEntityOfPage":"https:\/\/www.raes.cz\/s-nasimi-akcnimi-slevami-se-ve-svete-neztratite\/","headline":"S na\u0161imi ak\u010dn\u00edmi slevami se ve sv\u011bt\u011b neztrat\u00edte","name":"S na\u0161imi ak\u010dn\u00edmi slevami se ve sv\u011bt\u011b neztrat\u00edte","description":"Nemus\u00edte v\u011b\u010dn\u011b vysed\u00e1vat doma. Co\u017ee? \u017de nem\u00e1te pen\u00edze na to si n\u011bkam vyrazit? Ochutnat obl\u00edben\u00fd pokrm v nov\u00e9 restauraci, u\u017e\u00edt si sol\u00e1ria \u010di si za\u0159\u00eddit &hellip; ","datePublished":"2023-05-11","dateModified":"2024-05-12","author":{"@type":"Person","@id":"https:\/\/www.raes.cz\/author\/#Person","name":"","url":"https:\/\/www.raes.cz\/author\/","identifier":1,"image":{"@type":"ImageObject","@id":"https:\/\/secure.gravatar.com\/avatar\/13dbcc20b7c05fcb5c4a6b0bee5a7107a0aae9238a83a4088a42d170780b2eca?s=96&d=mm&r=g","url":"https:\/\/secure.gravatar.com\/avatar\/13dbcc20b7c05fcb5c4a6b0bee5a7107a0aae9238a83a4088a42d170780b2eca?s=96&d=mm&r=g","height":96,"width":96}},"publisher":{"@type":"Organization","name":"raes.cz","logo":{"@type":"ImageObject","@id":"\/logo.png","url":"\/logo.png","width":600,"height":60}},"url":"https:\/\/www.raes.cz\/s-nasimi-akcnimi-slevami-se-ve-svete-neztratite\/","wordCount":259,"articleBody":"Nemus\u00edte v\u011b\u010dn\u011b vysed\u00e1vat doma. Co\u017ee? \u017de nem\u00e1te pen\u00edze na to si n\u011bkam vyrazit? Ochutnat obl\u00edben\u00fd pokrm v nov\u00e9 restauraci, u\u017e\u00edt si sol\u00e1ria \u010di si za\u0159\u00eddit n\u011bkde v\u00edkendov\u00fd pobyt, kter\u00fd by v\u00e1m pomohl zapomenout na starosti v\u0161edn\u00edch dn\u00ed? Ale m\u00e1te na to finance, jen se s n\u00e1mi neh\u00e1dejte! Jak si to m\u016f\u017eeme dovolit tvrdit? Velmi jednodu\u0161e, proto\u017ee na\u0161\u00edm oborem jsou slevy Kol\u00edn a v\u00edme, jak levn\u011b a dob\u0159e m\u016f\u017eete po\u0159\u00eddit nejr\u016fzn\u011bj\u0161\u00ed slu\u017eby, produkty i z\u00e1\u017eitky na na\u0161em webu. Tak honem, pro\u010d tam je\u0161t\u011b nejste a ned\u00edv\u00e1te se?Snadn\u00e1 cesta ke slev\u00e1m v Kol\u00edn\u011bNakupovat u n\u00e1s je p\u0159eci tak snadn\u00e9! Ne, skute\u010dn\u011b si z v\u00e1s nest\u0159\u00edl\u00edme, nesna\u017e\u00edme se z v\u00e1s ud\u011blat \u017e\u00e1dnou nepat\u0159i\u010dnou legraci. Humor odkl\u00e1d\u00e1me stranou. Faktem je, \u017ee pokud chcete na sv\u00fdch n\u00e1kupech u\u0161et\u0159it, tak je n\u00e1\u0161 web t\u00edm prvn\u00edm m\u00edstem, kam byste se m\u011bli j\u00edt pod\u00edvat. A\u0165 u\u017e toti\u017e sh\u00e1n\u00edte jakoukoliv v\u00fdhodnou nab\u00eddku, slevu \u010di akci v Kol\u00edn\u011b \u010di okol\u00ed, je n\u00e1\u0161 web t\u00edm prav\u00fdm m\u00edstem, kde to zaru\u010den\u011b se\u017eenete! Ano, rozhodn\u011b s t\u00edm m\u016f\u017eete po\u010d\u00edtat! Budeme se t\u011b\u0161it na va\u0161i prvn\u00ed n\u00e1v\u0161t\u011bvu u n\u00e1s!                                                                                                                                                                                                                                                                                                                                                                                        4.1\/5 - (9 votes)        "},{"@context":"https:\/\/schema.org\/","@type":"BreadcrumbList","itemListElement":[{"@type":"ListItem","position":1,"name":"S na\u0161imi ak\u010dn\u00edmi slevami se ve sv\u011bt\u011b neztrat\u00edte","item":"https:\/\/www.raes.cz\/s-nasimi-akcnimi-slevami-se-ve-svete-neztratite\/#breadcrumbitem"}]}]