[{"@context":"https:\/\/schema.org\/","@type":"Article","@id":"https:\/\/www.raes.cz\/rezervujte-si-u-nas-plosiny-k-pronajmu-za-nejvyhodnejsi-cenu\/#Article","mainEntityOfPage":"https:\/\/www.raes.cz\/rezervujte-si-u-nas-plosiny-k-pronajmu-za-nejvyhodnejsi-cenu\/","headline":"Rezervujte si u n\u00e1s plo\u0161iny k\u00a0pron\u00e1jmu za nejv\u00fdhodn\u011bj\u0161\u00ed cenu","name":"Rezervujte si u n\u00e1s plo\u0161iny k\u00a0pron\u00e1jmu za nejv\u00fdhodn\u011bj\u0161\u00ed cenu","description":"M\u00e1te po dlouh\u00e9 dob\u011b \u0161t\u011bst\u00ed a poda\u0159ilo se V\u00e1m zalo\u017eit vlastn\u00ed firmu? Hodl\u00e1te d\u011blat v oboru stavebnictv\u00ed, a tak pot\u0159ebujete tak\u00e9 pat\u0159i\u010dn\u00e9 vybaven\u00ed? Bude nutn\u00e9, &hellip; ","datePublished":"2025-02-01","dateModified":"2025-02-01","author":{"@type":"Person","@id":"https:\/\/www.raes.cz\/author\/#Person","name":"","url":"https:\/\/www.raes.cz\/author\/","identifier":1,"image":{"@type":"ImageObject","@id":"https:\/\/secure.gravatar.com\/avatar\/13dbcc20b7c05fcb5c4a6b0bee5a7107a0aae9238a83a4088a42d170780b2eca?s=96&d=mm&r=g","url":"https:\/\/secure.gravatar.com\/avatar\/13dbcc20b7c05fcb5c4a6b0bee5a7107a0aae9238a83a4088a42d170780b2eca?s=96&d=mm&r=g","height":96,"width":96}},"publisher":{"@type":"Organization","name":"raes.cz","logo":{"@type":"ImageObject","@id":"\/logo.png","url":"\/logo.png","width":600,"height":60}},"url":"https:\/\/www.raes.cz\/rezervujte-si-u-nas-plosiny-k-pronajmu-za-nejvyhodnejsi-cenu\/","wordCount":206,"articleBody":"M\u00e1te po dlouh\u00e9 dob\u011b \u0161t\u011bst\u00ed a poda\u0159ilo se V\u00e1m zalo\u017eit vlastn\u00ed firmu? Hodl\u00e1te d\u011blat v oboru stavebnictv\u00ed, a tak pot\u0159ebujete tak\u00e9 pat\u0159i\u010dn\u00e9 vybaven\u00ed? Bude nutn\u00e9, abyste m\u011bli stroje a pot\u0159eby nejen na stavbu, ale tak\u00e9 na v\u00fd\u0161kov\u00e9 pr\u00e1ce? Pak V\u00e1m budou velice u\u017eite\u010dn\u00e9 plo\u0161iny.  Plo\u0161iny Stavebnictv\u00ed je obor, ve kter\u00e9m se dnes sna\u017e\u00ed fungovat mnoho lid\u00ed. Ov\u0161em ne v\u0161ichni jsou v takov\u00e9 pr\u00e1ci dob\u0159\u00ed a ne v\u0161ichni ji odv\u00e1d\u00ed kvalitn\u011b. Vy\u0159e\u0161te to tedy jednodu\u0161e a uka\u017ete se ve sv\u011btle internetu. Nezapome\u0148te poznamenat, \u017ee vlastn\u00edte tak\u00e9 plo\u0161iny, d\u00edky nim z\u00edsk\u00e1te nab\u00eddky na v\u00fd\u0161kov\u00e9 pr\u00e1ce. V\u00fd\u0161kov\u00e9 pr\u00e1ce Takov\u00e9 v\u00fd\u0161kov\u00e9 pr\u00e1ce ned\u011blaj\u00ed v\u0161echny firmy. N\u011bkter\u00e9 se zam\u011b\u0159uj\u00ed sp\u00ed\u0161e na zateplov\u00e1n\u00ed budov, jin\u00e9 na jejich fas\u00e1dy, ale jin\u00ed maj\u00ed zase specializaci na v\u00fd\u0161kov\u00e9 pr\u00e1ce. Pak tedy bu\u010fte t\u011bmi, kdo bude m\u00edt plo\u0161iny a dostane t\u00edm tu v\u00fdhodu, \u017ee m\u016f\u017ee p\u0159ij\u00edmat nab\u00eddky na v\u00fd\u0161kov\u00e9 pr\u00e1ce!                                                                                                                                                                                                                                                                                                                                                                                        4.5\/5 - (2 votes)        "},{"@context":"https:\/\/schema.org\/","@type":"BreadcrumbList","itemListElement":[{"@type":"ListItem","position":1,"name":"Rezervujte si u n\u00e1s plo\u0161iny k\u00a0pron\u00e1jmu za nejv\u00fdhodn\u011bj\u0161\u00ed cenu","item":"https:\/\/www.raes.cz\/rezervujte-si-u-nas-plosiny-k-pronajmu-za-nejvyhodnejsi-cenu\/#breadcrumbitem"}]}]