[{"@context":"https:\/\/schema.org\/","@type":"Article","@id":"https:\/\/www.raes.cz\/plotna-nepatri-jen-zenam\/#Article","mainEntityOfPage":"https:\/\/www.raes.cz\/plotna-nepatri-jen-zenam\/","headline":"Plotna nepat\u0159\u00ed jen \u017een\u00e1m","name":"Plotna nepat\u0159\u00ed jen \u017een\u00e1m","description":"Po dlouho dobu v na\u0161\u00ed zemi p\u0159evl\u00e1dal n\u00e1zor, kter\u00fd se v n\u011bkter\u00fdch rodin\u00e1ch dr\u017e\u00ed velmi pevn\u011b a\u017e dodnes. Jde o to, \u017ee role v dom\u00e1cnosti &hellip; ","datePublished":"2019-08-06","dateModified":"2023-05-01","author":{"@type":"Person","@id":"https:\/\/www.raes.cz\/author\/#Person","name":"","url":"https:\/\/www.raes.cz\/author\/","identifier":1,"image":{"@type":"ImageObject","@id":"https:\/\/secure.gravatar.com\/avatar\/13dbcc20b7c05fcb5c4a6b0bee5a7107a0aae9238a83a4088a42d170780b2eca?s=96&d=mm&r=g","url":"https:\/\/secure.gravatar.com\/avatar\/13dbcc20b7c05fcb5c4a6b0bee5a7107a0aae9238a83a4088a42d170780b2eca?s=96&d=mm&r=g","height":96,"width":96}},"publisher":{"@type":"Organization","name":"raes.cz","logo":{"@type":"ImageObject","@id":"\/logo.png","url":"\/logo.png","width":600,"height":60}},"image":{"@type":"ImageObject","@id":"https:\/\/www.raes.cz\/wp-content\/uploads\/img_a363780_w1706_t1576516542.jpg","url":"https:\/\/www.raes.cz\/wp-content\/uploads\/img_a363780_w1706_t1576516542.jpg","height":0,"width":0},"url":"https:\/\/www.raes.cz\/plotna-nepatri-jen-zenam\/","about":["N\u00e1kupy"],"wordCount":488,"articleBody":"      Po dlouho dobu v na\u0161\u00ed zemi p\u0159evl\u00e1dal n\u00e1zor, kter\u00fd se v n\u011bkter\u00fdch rodin\u00e1ch dr\u017e\u00ed velmi pevn\u011b a\u017e dodnes. Jde o to, \u017ee role v dom\u00e1cnosti by m\u011bly b\u00fdt ur\u010deny p\u0159esn\u011b, a proto by se \u017eena m\u011bla starat o d\u011bti a \u00faklid, p\u0159i\u010dem\u017e mu\u017e by to v\u0161e m\u011bl zast\u0159e\u0161it za pomoci financ\u00ed. Dle m\u00e9ho n\u00e1zoru to t\u00edmto zp\u016fsobem dnes prost\u011b fungovat nem\u016f\u017ee, a to zejm\u00e9na proto, \u017ee se zcela od z\u00e1klad\u016f prom\u011bnila doba, a nyn\u00ed je tak tedy v\u0161e dostupn\u00e9 pro v\u0161echny. Pokud se tak tedy ve va\u0161em bl\u00edzk\u00e9m okol\u00ed nach\u00e1z\u00ed \u017eena, kter\u00e1 by si cht\u011bla dod\u011blat vysokou \u0161kolu, a to i p\u0159esto, \u017ee m\u00e1 doma mal\u00e9 d\u011bti, m\u011bli byste ji podpo\u0159it, jeliko\u017e p\u0159ece d\u00edt\u011b nen\u00ed p\u0159ek\u00e1\u017eka k tomu, aby dos\u00e1hla sv\u00fdch sn\u016f. To sam\u00e9 byste v\u0161ak m\u011bli ud\u011blat i v p\u0159\u00edpad\u011b, kdy se mu\u017e rozhodne, \u017ee p\u016fjde na mate\u0159skou dovolenou, aby tak rodina m\u011bla v\u011bt\u0161\u00ed finan\u010dn\u00ed zaji\u0161t\u011bn\u00ed. Samoz\u0159ejm\u011b, \u017ee by se \u017eeny o d\u011bti m\u011bly starat, av\u0161ak i tak si mysl\u00edm, \u017ee je alespo\u0148 vhodn\u00e9 zamyslet se nad t\u00edm, jak by to u v\u00e1s doma vypadalo, kdyby se p\u0159\u00edklad, kter\u00fd byl uveden v p\u0159edchoz\u00edm odstavci, stal realitou. Dle m\u00e9ho na tom nen\u00ed v\u016fbec nic \u0161patn\u00e9, a do budoucna o tom velmi v\u00e1\u017en\u011b uva\u017euji, a to zejm\u00e9na z finan\u010dn\u00edch d\u016fvod\u016f. Ka\u017edop\u00e1dn\u011b si to v\u017edy ud\u011blejte tak, aby v\u00e1m to vyhovovalo. V p\u0159\u00edpad\u011b, kdy se v\u00e1m tedy n\u011bco nel\u00edb\u00ed, mus\u00edte naj\u00edt odvahu, doj\u00edt za va\u0161\u00ed drahou polovi\u010dkou, a promluvit si o tom, co v\u00e1s tr\u00e1p\u00ed. I kdy\u017e jsou p\u00e1nov\u00e9 ob\u010das velc\u00ed pali\u010d\u00e1ci, jist\u011b ud\u011blaj\u00ed v\u0161echno pro to, abychom my \u017eeny byly spokojen\u00e9. A tak se tedy m\u016f\u017ee st\u00e1t, \u017ee po t\u011b\u017ek\u00e9m dnu v pr\u00e1ci se vr\u00e1t\u00edte dom\u016f, kde na v\u00e1s bude \u010dekat p\u0159ekvapen\u00ed! I kdy\u017e mu\u017ei obecn\u011b moc \u010dasu v kuchyni netr\u00e1v\u00ed, neznamen\u00e1 to, \u017ee by to neum\u011bli \u2013 jen se jim prost\u011b nechce, proto\u017ee v\u00ed, \u017ee to ud\u011bl\u00e1te. A pr\u00e1v\u011b proto by mo\u017en\u00e1 st\u00e1lo zap\u0159em\u00fd\u0161let nad t\u00edm, jestli se spole\u010dn\u011b nedohodnete na n\u011b\u010dem, co v\u00e1m bude v\u00edce vyhovovat. Jakmile se v\u00e1m tedy povede kompromis, tak m\u00e1m pro p\u00e1ny mal\u00e9ho pomocn\u00edka &#8211; https:\/\/www.onlinechlap.cz\/gastronomie\/. Zde najdete zaj\u00edmavosti ze sv\u011bta j\u00eddla, a hned se v\u00e1m bude va\u0159it l\u00e9pe!                                                                                                                                                                                                                                                                                                                                                                                          3.9\/5 - (8 votes)        "},{"@context":"https:\/\/schema.org\/","@type":"BreadcrumbList","itemListElement":[{"@type":"ListItem","position":1,"name":"Plotna nepat\u0159\u00ed jen \u017een\u00e1m","item":"https:\/\/www.raes.cz\/plotna-nepatri-jen-zenam\/#breadcrumbitem"}]}]