[{"@context":"https:\/\/schema.org\/","@type":"Article","@id":"https:\/\/www.raes.cz\/pestre-a-nadherne-barvy\/#Article","mainEntityOfPage":"https:\/\/www.raes.cz\/pestre-a-nadherne-barvy\/","headline":"Pestr\u00e9 a n\u00e1dhern\u00e9 barvy","name":"Pestr\u00e9 a n\u00e1dhern\u00e9 barvy","description":"V\u00fdbavi\u010dku ji\u017e m\u00e1te skoro nakoupenou, ale je\u0161t\u011b V\u00e1m chyb\u00ed n\u011bco origin\u00e1ln\u00edho, zaj\u00edmav\u00e9ho, nev\u0161edn\u00edho. N\u011bco, co by nem\u011blo ka\u017ed\u00e9 druh\u00e9 d\u011bcko. Pak vsa\u010fte na kojeneck\u00e9 oble\u010den\u00ed &hellip; ","datePublished":"2025-01-01","dateModified":"2025-01-01","author":{"@type":"Person","@id":"https:\/\/www.raes.cz\/author\/#Person","name":"","url":"https:\/\/www.raes.cz\/author\/","identifier":1,"image":{"@type":"ImageObject","@id":"https:\/\/secure.gravatar.com\/avatar\/13dbcc20b7c05fcb5c4a6b0bee5a7107a0aae9238a83a4088a42d170780b2eca?s=96&d=mm&r=g","url":"https:\/\/secure.gravatar.com\/avatar\/13dbcc20b7c05fcb5c4a6b0bee5a7107a0aae9238a83a4088a42d170780b2eca?s=96&d=mm&r=g","height":96,"width":96}},"publisher":{"@type":"Organization","name":"raes.cz","logo":{"@type":"ImageObject","@id":"\/logo.png","url":"\/logo.png","width":600,"height":60}},"url":"https:\/\/www.raes.cz\/pestre-a-nadherne-barvy\/","wordCount":179,"articleBody":" V\u00fdbavi\u010dku ji\u017e m\u00e1te skoro nakoupenou, ale je\u0161t\u011b V\u00e1m chyb\u00ed n\u011bco origin\u00e1ln\u00edho, zaj\u00edmav\u00e9ho, nev\u0161edn\u00edho. N\u011bco, co by nem\u011blo ka\u017ed\u00e9 druh\u00e9 d\u011bcko. Pak vsa\u010fte na kojeneck\u00e9 oble\u010den\u00ed od anglick\u00e9 firmy Dirty Fingers. Kojeneck\u00e9 oble\u010den\u00ed zna\u010dky Dirty Fingers toti\u017e zaru\u010den\u011b origin\u00e1ln\u00ed je. A tak\u00e9 trefn\u00e9. Tato zna\u010dka toti\u017e zn\u00e1 d\u011btsk\u00fd sv\u011bt a radosti z n\u011bj pak p\u0159en\u00e1\u0161\u00ed na potisky na tri\u010dka, body, py\u017eama, dupa\u010dky a brynd\u00e1ky. Nav\u00edc nab\u00edz\u00ed i oble\u010den\u00ed pro d\u011bti do \u0161esti let, nejen pro miminka. Hv\u011bzda ve \u0161kolce Proto si rozhodn\u011b prohl\u00e9dn\u011bte n\u00e1\u0161 sortiment, pobavte se a obm\u011b\u0148te sv\u00e9mu d\u00edt\u011bti \u0161atn\u00edk. To pak bude v okol\u00ed za hv\u011bzdu. Nav\u00edc budete m\u00edt jistotu, \u017ee na\u0161e kojeneck\u00e9 oble\u010den\u00ed i oble\u010den\u00ed pro d\u011bti do \u0161esti let je z kvalitn\u00edho materi\u00e1lu, bezvadn\u00e9ho st\u0159ihu a zdravotn\u011b nez\u00e1vadn\u00e9.                                                                                                                                                                                                                                                                                                                                                                                        5\/5 - (1 vote)        "},{"@context":"https:\/\/schema.org\/","@type":"BreadcrumbList","itemListElement":[{"@type":"ListItem","position":1,"name":"Pestr\u00e9 a n\u00e1dhern\u00e9 barvy","item":"https:\/\/www.raes.cz\/pestre-a-nadherne-barvy\/#breadcrumbitem"}]}]