[{"@context":"https:\/\/schema.org\/","@type":"Article","@id":"https:\/\/www.raes.cz\/orechovka-je-vselek\/#Article","mainEntityOfPage":"https:\/\/www.raes.cz\/orechovka-je-vselek\/","headline":"O\u0159echovka je v\u0161el\u00e9k","name":"O\u0159echovka je v\u0161el\u00e9k","description":"U\u017e jste n\u011bkdy sly\u0161eli o blahod\u00e1rn\u00fdch \u00fa\u010dinc\u00edch n\u011bkter\u00fdch druh\u016f lik\u00e9r\u016f? Nejde jen o pot\u011b\u0161eni z alkoholick\u00e9ho n\u00e1poje, ale jeho pravideln\u00fdm u\u017e\u00edv\u00e1n\u00edm m\u016f\u017eete zlep\u0161it n\u011bkter\u00e9 z\u00e1le\u017eitosti &hellip; ","datePublished":"2022-03-28","dateModified":"2023-05-01","author":{"@type":"Person","@id":"https:\/\/www.raes.cz\/author\/#Person","name":"","url":"https:\/\/www.raes.cz\/author\/","identifier":1,"image":{"@type":"ImageObject","@id":"https:\/\/secure.gravatar.com\/avatar\/13dbcc20b7c05fcb5c4a6b0bee5a7107a0aae9238a83a4088a42d170780b2eca?s=96&d=mm&r=g","url":"https:\/\/secure.gravatar.com\/avatar\/13dbcc20b7c05fcb5c4a6b0bee5a7107a0aae9238a83a4088a42d170780b2eca?s=96&d=mm&r=g","height":96,"width":96}},"publisher":{"@type":"Organization","name":"raes.cz","logo":{"@type":"ImageObject","@id":"\/logo.png","url":"\/logo.png","width":600,"height":60}},"image":{"@type":"ImageObject","@id":"https:\/\/www.raes.cz\/wp-content\/uploads\/nuts-g8ab747b12_640.jpg","url":"https:\/\/www.raes.cz\/wp-content\/uploads\/nuts-g8ab747b12_640.jpg","height":0,"width":0},"url":"https:\/\/www.raes.cz\/orechovka-je-vselek\/","about":["N\u00e1kupy"],"wordCount":474,"articleBody":"       U\u017e jste n\u011bkdy sly\u0161eli o blahod\u00e1rn\u00fdch \u00fa\u010dinc\u00edch n\u011bkter\u00fdch druh\u016f lik\u00e9r\u016f? Nejde jen o pot\u011b\u0161eni z alkoholick\u00e9ho n\u00e1poje, ale jeho pravideln\u00fdm u\u017e\u00edv\u00e1n\u00edm m\u016f\u017eete zlep\u0161it n\u011bkter\u00e9 z\u00e1le\u017eitosti va\u0161eho zdravotn\u00edho stavu. Opravdu je to tak, existuje \u0159ada lik\u00e9r\u016f, u kter\u00fdch byly prok\u00e1z\u00e1ny pozitivn\u00ed \u00fa\u010dinky na zdravotn\u00ed stav. Lik\u00e9r z o\u0159ech\u016f, zn\u00e1m\u00fd jako o\u0159echovka, je po cel\u00e9 generace pou\u017e\u00edvan\u00fd zejm\u00e9na na probl\u00e9my se za\u017e\u00edvac\u00edm traktem.O\u0159echovka jako bojovn\u00edk s pl\u00edsn\u011bmi. Pom\u00e1h\u00e1 organismu pro\u010distit se od pl\u00edsn\u00ed, kter\u00e9 jsou sou\u010d\u00e1st\u00ed na\u0161eho \u017eivota, a jejich p\u0159emno\u017een\u00ed m\u016f\u017ee v\u00e9st k z\u00e1va\u017en\u00fdm onemocn\u011bn\u00edm.Ur\u010dit\u011b jste n\u011bkdy od babi\u010dky sly\u0161eli, \u017ee na \u017ealudek a celkov\u011b bolesti a z\u00e1b\u011bry tr\u00e1vic\u00edho traktu m\u00e1 ve sk\u0159\u00edni p\u0159\u00edpravou o\u0159echovku. Vid\u00edte, je to generacemi prov\u011b\u0159en\u00fd fakt. T\u00edm ale blahod\u00e1rn\u00e9 \u00fa\u010dinky o\u0159echov\u00e9ho lik\u00e9ru nekon\u010d\u00ed. Pom\u00e1h\u00e1 taky podpo\u0159it tvorbu krvinek, a krev dok\u00e1\u017ee pro\u010distit. O\u0159echy jsou dobr\u00e9 na nervovou soustavu, a to i kupodivu v podob\u011b lik\u00e9ru. Jen ho zkr\u00e1tka nesm\u00ed b\u00fdt moc.Jak se vyr\u00e1b\u00ed? Nezral\u00e9 o\u0159echy se nakl\u00e1daj\u00ed do lihu, kde n\u011bjakou dobu zraj\u00ed &#8211; zdrav\u00e9 l\u00e1tky se volaj\u00ed do lihu, do kter\u00e9ho se p\u0159id\u00e1v\u00e1 med s ko\u0159en\u00edm a sm\u011bs bylin. D\u00edky tomu vznik\u00e1 tento jedine\u010dn\u00fd lik\u00e9r, kter\u00fd m\u00e1 tak skv\u011bl\u00e9 \u00fa\u010dinky na n\u00e1\u0161 organismus. Byla by \u0161koda jednu nebo dv\u011b lahvi\u010dky nem\u00edt v z\u00e1loze, kdy\u017e je to takov\u00fd dom\u00e1c\u00ed l\u00e9k. \ud83d\ude42Proto\u017ee m\u00e1 o\u0159echovka kr\u00e1snou silnou v\u016fni, p\u0159id\u00e1v\u00e1 se i p\u0159i pe\u010den\u00ed do t\u011bst a n\u011bkdy i do polev. Skv\u011ble chutn\u00e1, kol\u00e1\u010d\u016fm i b\u00e1bovce dod\u00e1 jedine\u010dnou chu\u0165.U Lihov\u00e1rka najdete vynikaj\u00edc\u00ed lik\u00e9ry od v\u0161ech mo\u017en\u00fdch v\u00fdrobc\u016f. A dokonce zde najdete pr\u00e1v\u011b i posledn\u00ed roky docela opom\u00edjenou o\u0159echovku. Vynikaj\u00edc\u00ed je t\u0159eba od \u017duf\u00e1nka, ale najdete u n\u00e1s i m\u00e9n\u011b zn\u00e1m\u00e9 v\u00fdrobce. O\u0159echovku m\u011bl d\u0159\u00edv doma ka\u017ed\u00fd, proto\u017ee ji lid\u00e9 pou\u017e\u00edvali na r\u016fzn\u00e9 neduhy. Je \u0161koda, \u017ee se na jej\u00ed \u00fa\u010dinky tro\u0161ku pozapomn\u011blo. M\u00e1te babi\u010dku, kter\u00e9 sh\u00e1n\u00edte d\u00e1rek? Dejte j\u00ed vzpom\u00ednky na d\u0159\u00edv\u011bj\u0161\u00ed l\u00e9ta, kter\u00e1 j\u00ed o\u0159echovka ur\u010dit\u011b p\u0159ipomene. Na v\u00fdb\u011br m\u00e1te z osmi v\u00fdrobc\u016f, ale ani s jedn\u00edm ne\u0161l\u00e1pnete vedle.                                                                                                                                                                                                                                                                                                                                                                                          4.3\/5 - (7 votes)        "},{"@context":"https:\/\/schema.org\/","@type":"BreadcrumbList","itemListElement":[{"@type":"ListItem","position":1,"name":"O\u0159echovka je v\u0161el\u00e9k","item":"https:\/\/www.raes.cz\/orechovka-je-vselek\/#breadcrumbitem"}]}]