[{"@context":"https:\/\/schema.org\/","@type":"Article","@id":"https:\/\/www.raes.cz\/nezrikejte-se-penez\/#Article","mainEntityOfPage":"https:\/\/www.raes.cz\/nezrikejte-se-penez\/","headline":"Nez\u0159\u00edkejte se pen\u011bz","name":"Nez\u0159\u00edkejte se pen\u011bz","description":"Cht\u011bli byste n\u011bjak\u00fdch cirka \u0161est a\u017e patn\u00e1ct tis\u00edc korun, a to dokonce klidn\u011b i za pouh\u00fdch n\u011bkolik hodin \u010di v opravdu extr\u00e9mn\u00edm p\u0159\u00edpad\u011b dn\u00ed? Cht\u011bli &hellip; ","datePublished":"2019-09-13","dateModified":"2023-05-01","author":{"@type":"Person","@id":"https:\/\/www.raes.cz\/author\/#Person","name":"","url":"https:\/\/www.raes.cz\/author\/","identifier":1,"image":{"@type":"ImageObject","@id":"https:\/\/secure.gravatar.com\/avatar\/13dbcc20b7c05fcb5c4a6b0bee5a7107a0aae9238a83a4088a42d170780b2eca?s=96&d=mm&r=g","url":"https:\/\/secure.gravatar.com\/avatar\/13dbcc20b7c05fcb5c4a6b0bee5a7107a0aae9238a83a4088a42d170780b2eca?s=96&d=mm&r=g","height":96,"width":96}},"publisher":{"@type":"Organization","name":"raes.cz","logo":{"@type":"ImageObject","@id":"\/logo.png","url":"\/logo.png","width":600,"height":60}},"image":{"@type":"ImageObject","@id":"https:\/\/www.raes.cz\/wp-content\/uploads\/img_a344892_w1719_t1558685011.jpg","url":"https:\/\/www.raes.cz\/wp-content\/uploads\/img_a344892_w1719_t1558685011.jpg","height":0,"width":0},"url":"https:\/\/www.raes.cz\/nezrikejte-se-penez\/","about":["Spole\u010dnosti"],"wordCount":486,"articleBody":"  Cht\u011bli byste n\u011bjak\u00fdch cirka \u0161est a\u017e patn\u00e1ct tis\u00edc korun, a to dokonce klidn\u011b i za pouh\u00fdch n\u011bkolik hodin \u010di v opravdu extr\u00e9mn\u00edm p\u0159\u00edpad\u011b dn\u00ed? Cht\u011bli byste ty pen\u00edze jen tak dostat, a to dokonce jenom za to, \u017ee se n\u011bkde budete poflakovat, stravovat se a mo\u017en\u00e1 i nocovat na ciz\u00ed \u00fatraty? Zn\u00ed to docela zaj\u00edmav\u011b, \u017ee? Ur\u010dit\u011b se najde dost t\u011bch, kdo by to brali. A kdo by si z toho klidn\u011b ud\u011blali i v\u00edce ne\u017e prosperuj\u00edc\u00ed \u017eivnost. A v\u011b\u0159te mi, \u017ee by tady takov\u00e1 mo\u017enost byla. Ov\u0161em jak u\u017e tomu tak u lukrativn\u00edch nab\u00eddek b\u00fdv\u00e1, nen\u00ed r\u016f\u017ee bez trn\u00ed a abyste dos\u00e1hli toho nab\u00edzen\u00e9ho, museli byste m\u00edt v\u011b\u0161teck\u00e9 schopnosti nebo hodn\u011b velkou d\u00e1vku \u0161t\u011bst\u011bny. Takov\u00e1 mo\u017enost se v\u00e1m toti\u017e vypln\u00ed, pokud si budete na sv\u00e9 cestov\u00e1n\u00ed kupovat letenky eurounijn\u00edch, norsk\u00fdch, \u0161v\u00fdcarsk\u00fdch \u010di islandsk\u00fdch leteck\u00fdch spole\u010dnost\u00ed, letenky spole\u010dnost\u00ed provozuj\u00edc\u00edch lety v r\u00e1mci zm\u00edn\u011bn\u00fdch zem\u00ed nebo letenky na spoje m\u00ed\u0159\u00edc\u00ed z n\u011bkter\u00e9 ze zm\u00edn\u011bn\u00fdch zem\u00ed kamkoliv mimo tento prostor. A to z\u00e1sadn\u011b na ty spoje, kter\u00e9 budou m\u00edt vinou je provozuj\u00edc\u00edch aerolini\u00ed probl\u00e9my. Proto\u017ee budete m\u00edt na v\u00fd\u0161e zm\u00edn\u011bn\u00e9 pen\u00edze n\u00e1rok, a to v p\u0159\u00edpad\u011b v\u00fdrazn\u00e9ho zpo\u017ed\u011bn\u00ed nebo zru\u0161en\u00ed letu. Jak o tom rozhodla evropsk\u00e1 regulace 261\/2004. Ov\u0161em stejn\u011b jako v\u0161ude se i zde objev\u00ed trable. Proto\u017ee se zm\u00edn\u011bn\u00e9 pen\u00edze vypl\u00e1cej\u00ed jen tehdy, jsou-li na vin\u011b probl\u00e9m\u016f samy aerolinie, kter\u00e9 n\u011bco mohly ud\u011blat, ale neud\u011blaly. Nesm\u00ed se jednat o p\u0159\u00edpady, kdy je na vin\u011b zpo\u017ed\u011bn\u00ed \u010di zru\u0161en\u00ed letu po\u010das\u00ed, p\u0159\u00edrodn\u00ed kalamita, st\u00e1vka t\u0159et\u00ed strany, bezpe\u010dnostn\u00ed situace, omezen\u00ed letov\u00e9ho provozu, tedy to, co \u017e\u00e1dn\u00e9 aerolinie ovlivnit nemohou. A tak\u00e9 je t\u0159eba sm\u00ed\u0159it se s t\u00edm, \u017ee se n\u011bkte\u0159\u00ed dopravci budou vykrucovat, lh\u00e1t nebo nebudou v\u016fbec komunikovat, jen aby u\u0161et\u0159ili. Tak\u017ee se mo\u017en\u00e1 budete muset co chv\u00edli obracet na pr\u00e1vn\u00edky, kte\u0159\u00ed se specializuj\u00ed pr\u00e1v\u011b na vym\u00e1h\u00e1n\u00ed takov\u00e9ho od\u0161kodn\u011bn\u00ed, kte\u0159\u00ed si s t\u00edm v\u011bd\u00ed rady, na rozd\u00edl od leckoho z oby\u010dejn\u00fdch lid\u00ed. A kte\u0159\u00ed si nechaj\u00ed \u2013 by\u0165 a\u017e po vymo\u017een\u00ed od\u0161kodn\u00e9ho \u2013 za sv\u00e9 slu\u017eby zaplatit. Tak\u017ee to vlastn\u011b zase a\u017e tak lukrativn\u00ed \u017eivnost nebude. Ale stejn\u011b je hezk\u00e1 p\u0159edstava, \u017ee t\u0159eba za p\u00e1r hodin zpo\u017ed\u011bn\u00ed dostanete st\u0159echu nad hlavou, stravu a dvout\u00fddenn\u00ed pr\u016fm\u011brn\u00fd plat, ne?                                                                                                                                                                                                                                                                                                                                                                                         4\/5 - (5 votes)        "},{"@context":"https:\/\/schema.org\/","@type":"BreadcrumbList","itemListElement":[{"@type":"ListItem","position":1,"name":"Nez\u0159\u00edkejte se pen\u011bz","item":"https:\/\/www.raes.cz\/nezrikejte-se-penez\/#breadcrumbitem"}]}]