[{"@context":"https:\/\/schema.org\/","@type":"Article","@id":"https:\/\/www.raes.cz\/nase-nabidka-plavidel-je-univerzalne-zamerena\/#Article","mainEntityOfPage":"https:\/\/www.raes.cz\/nase-nabidka-plavidel-je-univerzalne-zamerena\/","headline":"Na\u0161e nab\u00eddka plavidel je univerz\u00e1ln\u011b zam\u011b\u0159ena","name":"Na\u0161e nab\u00eddka plavidel je univerz\u00e1ln\u011b zam\u011b\u0159ena","description":"Milujete ak\u010dn\u00ed j\u00edzdu sportovn\u00ed lod\u00ed? R\u00e1di v klidu a v pohod\u011b ryba\u0159\u00edte? Pak p\u0159ed Va\u0161\u00ed cestou na vodu, a\u0165 je takto ozna\u010deno libovoln\u00e9 vodn\u00ed d\u00edlo, &hellip; ","datePublished":"2024-10-16","dateModified":"2024-10-16","author":{"@type":"Person","@id":"https:\/\/www.raes.cz\/author\/#Person","name":"","url":"https:\/\/www.raes.cz\/author\/","identifier":1,"image":{"@type":"ImageObject","@id":"https:\/\/secure.gravatar.com\/avatar\/13dbcc20b7c05fcb5c4a6b0bee5a7107a0aae9238a83a4088a42d170780b2eca?s=96&d=mm&r=g","url":"https:\/\/secure.gravatar.com\/avatar\/13dbcc20b7c05fcb5c4a6b0bee5a7107a0aae9238a83a4088a42d170780b2eca?s=96&d=mm&r=g","height":96,"width":96}},"publisher":{"@type":"Organization","name":"raes.cz","logo":{"@type":"ImageObject","@id":"\/logo.png","url":"\/logo.png","width":600,"height":60}},"url":"https:\/\/www.raes.cz\/nase-nabidka-plavidel-je-univerzalne-zamerena\/","wordCount":205,"articleBody":"Milujete ak\u010dn\u00ed j\u00edzdu sportovn\u00ed lod\u00ed? R\u00e1di v klidu a v pohod\u011b ryba\u0159\u00edte? Pak p\u0159ed Va\u0161\u00ed cestou na vodu, a\u0165 je takto ozna\u010deno libovoln\u00e9 vodn\u00ed d\u00edlo, rozhodn\u011b nezapome\u0148te aktivn\u011b prozkoumat nab\u00eddku ov\u011b\u0159en\u00e9ho prodejce. V jeho produktov\u00e9m katalogu, kter\u00fd je p\u0159\u00edjemn\u011b k nahl\u00e9dnut\u00ed k dispozici prost\u0159ednictv\u00edm internetov\u00e9ho p\u0159ipojen\u00ed ke str\u00e1nk\u00e1m internetov\u00e9ho obchodu, naleznete r\u016fznorod\u00e9lod\u011b, kter\u00e9 se li\u0161\u00ed nejen materi\u00e1lovou z\u00e1kladnou a konstrukc\u00ed, ale tak\u00e9 prvky regulace a dopl\u0148uj\u00edc\u00edho vybaven\u00ed.\tS n\u00e1mi se plavit zaru\u010den\u011b b\u00e1t nemus\u00edte\u010cluny, pramice, kajaky, kanoe, rafty i dal\u0161\u00ed \u010dluny variabiln\u00edch materi\u00e1l\u016f, r\u016fznorod\u00fdch technick\u00fdch parametr\u016f, rozmanit\u00e9 v\u00fdbavy a r\u016fzn\u00e9ho zam\u011b\u0159en\u00ed jsou k dispozici v produktov\u00e9m katalogu ov\u011b\u0159en\u00e9ho prodejce v kategorii lod\u011b. V\u00e1\u0161 souboj s vodn\u00edmi \u017eivly nem\u016f\u017ee v souvislosti s mo\u017enost\u00ed vybavit se na adrese ov\u011b\u0159en\u00e9ho prodejce komplexn\u00ed v\u00fdbavou v maxim\u00e1ln\u00ed kvalit\u011b dopadnout jinak ne\u017e v\u00fdborn\u011b, a to tedy tak, \u017ee ze z\u00e1pasu, a\u0165 v roli sportovn\u00edho nad\u0161ence, nebo ryb\u00e1\u0159e, vyjdete jako v\u00edt\u011bz.                                                                                                                                                                                                                                                                                                                                                                                        4\/5 - (5 votes)        "},{"@context":"https:\/\/schema.org\/","@type":"BreadcrumbList","itemListElement":[{"@type":"ListItem","position":1,"name":"Na\u0161e nab\u00eddka plavidel je univerz\u00e1ln\u011b zam\u011b\u0159ena","item":"https:\/\/www.raes.cz\/nase-nabidka-plavidel-je-univerzalne-zamerena\/#breadcrumbitem"}]}]