{"@context":"https:\/\/schema.org\/","@type":"CollectionPage","@id":"https:\/\/www.raes.cz\/nakupy\/#CollectionPage","headline":"N\u00e1kupy Category","description":"","url":"https:\/\/www.raes.cz\/nakupy\/","hasPart":[{"@type":"Article","@id":"https:\/\/www.raes.cz\/kalkulacka-i-s-vykladem\/","headline":"Kalkula\u010dka i s v\u00fdkladem","url":"https:\/\/www.raes.cz\/kalkulacka-i-s-vykladem\/","datePublished":"2020-08-05","dateModified":"2023-05-01","mainEntityOfPage":"https:\/\/www.raes.cz\/kalkulacka-i-s-vykladem\/","author":{"@type":"Person","@id":"https:\/\/www.raes.cz\/author\/#Person","name":"","url":"https:\/\/www.raes.cz\/author\/","identifier":1,"image":{"@type":"ImageObject","@id":"https:\/\/secure.gravatar.com\/avatar\/13dbcc20b7c05fcb5c4a6b0bee5a7107a0aae9238a83a4088a42d170780b2eca?s=96&d=mm&r=g","url":"https:\/\/secure.gravatar.com\/avatar\/13dbcc20b7c05fcb5c4a6b0bee5a7107a0aae9238a83a4088a42d170780b2eca?s=96&d=mm&r=g","height":96,"width":96}},"publisher":{"@type":"Organization","name":"raes.cz","logo":{"@type":"ImageObject","@id":"\/logo.png","url":"\/logo.png","width":600,"height":60}},"image":{"@type":"ImageObject","@id":"https:\/\/www.raes.cz\/wp-content\/uploads\/v%C3%A1ha%20s%20otazn%C3%ADky_1.jpg","url":"https:\/\/www.raes.cz\/wp-content\/uploads\/v%C3%A1ha%20s%20otazn%C3%ADky_1.jpg","height":0,"width":0},"keywords":null},{"@type":"Article","@id":"https:\/\/www.raes.cz\/jake-firemni-darky-volit\/","headline":"Jak\u00e9 firemn\u00ed d\u00e1rky volit?","url":"https:\/\/www.raes.cz\/jake-firemni-darky-volit\/","datePublished":"2020-08-04","dateModified":"2023-09-01","mainEntityOfPage":"https:\/\/www.raes.cz\/jake-firemni-darky-volit\/","author":{"@type":"Person","@id":"https:\/\/www.raes.cz\/author\/#Person","name":"","url":"https:\/\/www.raes.cz\/author\/","identifier":1,"image":{"@type":"ImageObject","@id":"https:\/\/secure.gravatar.com\/avatar\/13dbcc20b7c05fcb5c4a6b0bee5a7107a0aae9238a83a4088a42d170780b2eca?s=96&d=mm&r=g","url":"https:\/\/secure.gravatar.com\/avatar\/13dbcc20b7c05fcb5c4a6b0bee5a7107a0aae9238a83a4088a42d170780b2eca?s=96&d=mm&r=g","height":96,"width":96}},"publisher":{"@type":"Organization","name":"raes.cz","logo":{"@type":"ImageObject","@id":"\/logo.png","url":"\/logo.png","width":600,"height":60}},"image":{"@type":"ImageObject","@id":"https:\/\/www.raes.cz\/wp-content\/uploads\/pen-804365_960_720.jpg","url":"https:\/\/www.raes.cz\/wp-content\/uploads\/pen-804365_960_720.jpg","height":0,"width":0},"keywords":null},{"@type":"Article","@id":"https:\/\/www.raes.cz\/jak-spravne-provest-sokove-osetreni-vody\/","headline":"Jak spr\u00e1vn\u011b prov\u00e9st \u0161okov\u00e9 o\u0161et\u0159en\u00ed vody?","url":"https:\/\/www.raes.cz\/jak-spravne-provest-sokove-osetreni-vody\/","datePublished":"2020-07-25","dateModified":"2023-05-01","mainEntityOfPage":"https:\/\/www.raes.cz\/jak-spravne-provest-sokove-osetreni-vody\/","author":{"@type":"Person","@id":"https:\/\/www.raes.cz\/author\/#Person","name":"","url":"https:\/\/www.raes.cz\/author\/","identifier":1,"image":{"@type":"ImageObject","@id":"https:\/\/secure.gravatar.com\/avatar\/13dbcc20b7c05fcb5c4a6b0bee5a7107a0aae9238a83a4088a42d170780b2eca?s=96&d=mm&r=g","url":"https:\/\/secure.gravatar.com\/avatar\/13dbcc20b7c05fcb5c4a6b0bee5a7107a0aae9238a83a4088a42d170780b2eca?s=96&d=mm&r=g","height":96,"width":96}},"publisher":{"@type":"Organization","name":"raes.cz","logo":{"@type":"ImageObject","@id":"\/logo.png","url":"\/logo.png","width":600,"height":60}},"image":{"@type":"ImageObject","@id":"https:\/\/www.raes.cz\/wp-content\/uploads\/swimming-pool-2572377_960_720.jpg","url":"https:\/\/www.raes.cz\/wp-content\/uploads\/swimming-pool-2572377_960_720.jpg","height":0,"width":0},"keywords":null},{"@type":"Article","@id":"https:\/\/www.raes.cz\/k-malym-holcickam-patri-kocarek-s-panenkou-jakym-vyvojem-prosly-kocarky-v-prubehu-let\/","headline":"K mal\u00fdm hol\u010di\u010dk\u00e1m pat\u0159\u00ed ko\u010d\u00e1rek s panenkou, jak\u00fdm v\u00fdvojem pro\u0161ly ko\u010d\u00e1rky v pr\u016fb\u011bhu let?","url":"https:\/\/www.raes.cz\/k-malym-holcickam-patri-kocarek-s-panenkou-jakym-vyvojem-prosly-kocarky-v-prubehu-let\/","datePublished":"2020-01-06","dateModified":"2023-05-01","mainEntityOfPage":"https:\/\/www.raes.cz\/k-malym-holcickam-patri-kocarek-s-panenkou-jakym-vyvojem-prosly-kocarky-v-prubehu-let\/","author":{"@type":"Person","@id":"https:\/\/www.raes.cz\/author\/#Person","name":"","url":"https:\/\/www.raes.cz\/author\/","identifier":1,"image":{"@type":"ImageObject","@id":"https:\/\/secure.gravatar.com\/avatar\/13dbcc20b7c05fcb5c4a6b0bee5a7107a0aae9238a83a4088a42d170780b2eca?s=96&d=mm&r=g","url":"https:\/\/secure.gravatar.com\/avatar\/13dbcc20b7c05fcb5c4a6b0bee5a7107a0aae9238a83a4088a42d170780b2eca?s=96&d=mm&r=g","height":96,"width":96}},"publisher":{"@type":"Organization","name":"raes.cz","logo":{"@type":"ImageObject","@id":"\/logo.png","url":"\/logo.png","width":600,"height":60}},"image":{"@type":"ImageObject","@id":"https:\/\/www.raes.cz\/wp-content\/uploads\/img_a379140_w3016_t1590562095.jpg","url":"https:\/\/www.raes.cz\/wp-content\/uploads\/img_a379140_w3016_t1590562095.jpg","height":0,"width":0},"keywords":null},{"@type":"Article","@id":"https:\/\/www.raes.cz\/logisticke-parky\/","headline":"Logistick\u00e9 parky","url":"https:\/\/www.raes.cz\/logisticke-parky\/","datePublished":"2020-01-06","dateModified":"2023-05-01","mainEntityOfPage":"https:\/\/www.raes.cz\/logisticke-parky\/","author":{"@type":"Person","@id":"https:\/\/www.raes.cz\/author\/#Person","name":"","url":"https:\/\/www.raes.cz\/author\/","identifier":1,"image":{"@type":"ImageObject","@id":"https:\/\/secure.gravatar.com\/avatar\/13dbcc20b7c05fcb5c4a6b0bee5a7107a0aae9238a83a4088a42d170780b2eca?s=96&d=mm&r=g","url":"https:\/\/secure.gravatar.com\/avatar\/13dbcc20b7c05fcb5c4a6b0bee5a7107a0aae9238a83a4088a42d170780b2eca?s=96&d=mm&r=g","height":96,"width":96}},"publisher":{"@type":"Organization","name":"raes.cz","logo":{"@type":"ImageObject","@id":"\/logo.png","url":"\/logo.png","width":600,"height":60}},"image":{"@type":"ImageObject","@id":"https:\/\/www.raes.cz\/wp-content\/uploads\/img_a372246_w1901_t1583754723.jpg","url":"https:\/\/www.raes.cz\/wp-content\/uploads\/img_a372246_w1901_t1583754723.jpg","height":0,"width":0},"keywords":null},{"@type":"Article","@id":"https:\/\/www.raes.cz\/ekologicke-nakupovani\/","headline":"Ekologick\u00e9 nakupov\u00e1n\u00ed","url":"https:\/\/www.raes.cz\/ekologicke-nakupovani\/","datePublished":"2019-09-11","dateModified":"2023-05-01","mainEntityOfPage":"https:\/\/www.raes.cz\/ekologicke-nakupovani\/","author":{"@type":"Person","@id":"https:\/\/www.raes.cz\/author\/#Person","name":"","url":"https:\/\/www.raes.cz\/author\/","identifier":1,"image":{"@type":"ImageObject","@id":"https:\/\/secure.gravatar.com\/avatar\/13dbcc20b7c05fcb5c4a6b0bee5a7107a0aae9238a83a4088a42d170780b2eca?s=96&d=mm&r=g","url":"https:\/\/secure.gravatar.com\/avatar\/13dbcc20b7c05fcb5c4a6b0bee5a7107a0aae9238a83a4088a42d170780b2eca?s=96&d=mm&r=g","height":96,"width":96}},"publisher":{"@type":"Organization","name":"raes.cz","logo":{"@type":"ImageObject","@id":"\/logo.png","url":"\/logo.png","width":600,"height":60}},"image":{"@type":"ImageObject","@id":"https:\/\/www.raes.cz\/wp-content\/uploads\/img_a354178_w3218_t1568700029.jpg","url":"https:\/\/www.raes.cz\/wp-content\/uploads\/img_a354178_w3218_t1568700029.jpg","height":0,"width":0},"keywords":null},{"@type":"Article","@id":"https:\/\/www.raes.cz\/kabelky-pro-vsechny-prilezitosti\/","headline":"Kabelky pro v\u0161echny p\u0159\u00edle\u017eitosti","url":"https:\/\/www.raes.cz\/kabelky-pro-vsechny-prilezitosti\/","datePublished":"2019-09-05","dateModified":"2023-05-01","mainEntityOfPage":"https:\/\/www.raes.cz\/kabelky-pro-vsechny-prilezitosti\/","author":{"@type":"Person","@id":"https:\/\/www.raes.cz\/author\/#Person","name":"","url":"https:\/\/www.raes.cz\/author\/","identifier":1,"image":{"@type":"ImageObject","@id":"https:\/\/secure.gravatar.com\/avatar\/13dbcc20b7c05fcb5c4a6b0bee5a7107a0aae9238a83a4088a42d170780b2eca?s=96&d=mm&r=g","url":"https:\/\/secure.gravatar.com\/avatar\/13dbcc20b7c05fcb5c4a6b0bee5a7107a0aae9238a83a4088a42d170780b2eca?s=96&d=mm&r=g","height":96,"width":96}},"publisher":{"@type":"Organization","name":"raes.cz","logo":{"@type":"ImageObject","@id":"\/logo.png","url":"\/logo.png","width":600,"height":60}},"image":{"@type":"ImageObject","@id":"https:\/\/www.raes.cz\/wp-content\/uploads\/img_a363062_w1735_t1575896070.jpg","url":"https:\/\/www.raes.cz\/wp-content\/uploads\/img_a363062_w1735_t1575896070.jpg","height":0,"width":0},"keywords":null},{"@type":"Article","@id":"https:\/\/www.raes.cz\/plotna-nepatri-jen-zenam\/","headline":"Plotna nepat\u0159\u00ed jen \u017een\u00e1m","url":"https:\/\/www.raes.cz\/plotna-nepatri-jen-zenam\/","datePublished":"2019-08-06","dateModified":"2023-05-01","mainEntityOfPage":"https:\/\/www.raes.cz\/plotna-nepatri-jen-zenam\/","author":{"@type":"Person","@id":"https:\/\/www.raes.cz\/author\/#Person","name":"","url":"https:\/\/www.raes.cz\/author\/","identifier":1,"image":{"@type":"ImageObject","@id":"https:\/\/secure.gravatar.com\/avatar\/13dbcc20b7c05fcb5c4a6b0bee5a7107a0aae9238a83a4088a42d170780b2eca?s=96&d=mm&r=g","url":"https:\/\/secure.gravatar.com\/avatar\/13dbcc20b7c05fcb5c4a6b0bee5a7107a0aae9238a83a4088a42d170780b2eca?s=96&d=mm&r=g","height":96,"width":96}},"publisher":{"@type":"Organization","name":"raes.cz","logo":{"@type":"ImageObject","@id":"\/logo.png","url":"\/logo.png","width":600,"height":60}},"image":{"@type":"ImageObject","@id":"https:\/\/www.raes.cz\/wp-content\/uploads\/img_a363780_w1706_t1576516542.jpg","url":"https:\/\/www.raes.cz\/wp-content\/uploads\/img_a363780_w1706_t1576516542.jpg","height":0,"width":0},"keywords":null},{"@type":"Article","@id":"https:\/\/www.raes.cz\/led-halogen-s-pohybovymi-cidly-na-zahradach-a-v-okoli-domu\/","headline":"LED halogen s pohybov\u00fdmi \u010didly na zahrad\u00e1ch a v okol\u00ed dom\u016f","url":"https:\/\/www.raes.cz\/led-halogen-s-pohybovymi-cidly-na-zahradach-a-v-okoli-domu\/","datePublished":"2019-08-01","dateModified":"2023-05-01","mainEntityOfPage":"https:\/\/www.raes.cz\/led-halogen-s-pohybovymi-cidly-na-zahradach-a-v-okoli-domu\/","author":{"@type":"Person","@id":"https:\/\/www.raes.cz\/author\/#Person","name":"","url":"https:\/\/www.raes.cz\/author\/","identifier":1,"image":{"@type":"ImageObject","@id":"https:\/\/secure.gravatar.com\/avatar\/13dbcc20b7c05fcb5c4a6b0bee5a7107a0aae9238a83a4088a42d170780b2eca?s=96&d=mm&r=g","url":"https:\/\/secure.gravatar.com\/avatar\/13dbcc20b7c05fcb5c4a6b0bee5a7107a0aae9238a83a4088a42d170780b2eca?s=96&d=mm&r=g","height":96,"width":96}},"publisher":{"@type":"Organization","name":"raes.cz","logo":{"@type":"ImageObject","@id":"\/logo.png","url":"\/logo.png","width":600,"height":60}},"image":{"@type":"ImageObject","@id":"https:\/\/www.raes.cz\/wp-content\/uploads\/img_a363203_w3793_t1575990276.jpg","url":"https:\/\/www.raes.cz\/wp-content\/uploads\/img_a363203_w3793_t1575990276.jpg","height":0,"width":0},"keywords":null},{"@type":"Article","@id":"https:\/\/www.raes.cz\/efektivni-hubnuti-ktere-bude-uspesne\/","headline":"Efektivn\u00ed hubnut\u00ed, kter\u00e9 bude \u00fasp\u011b\u0161n\u00e9","url":"https:\/\/www.raes.cz\/efektivni-hubnuti-ktere-bude-uspesne\/","datePublished":"2019-07-12","dateModified":"2023-05-01","mainEntityOfPage":"https:\/\/www.raes.cz\/efektivni-hubnuti-ktere-bude-uspesne\/","author":{"@type":"Person","@id":"https:\/\/www.raes.cz\/author\/#Person","name":"","url":"https:\/\/www.raes.cz\/author\/","identifier":1,"image":{"@type":"ImageObject","@id":"https:\/\/secure.gravatar.com\/avatar\/13dbcc20b7c05fcb5c4a6b0bee5a7107a0aae9238a83a4088a42d170780b2eca?s=96&d=mm&r=g","url":"https:\/\/secure.gravatar.com\/avatar\/13dbcc20b7c05fcb5c4a6b0bee5a7107a0aae9238a83a4088a42d170780b2eca?s=96&d=mm&r=g","height":96,"width":96}},"publisher":{"@type":"Organization","name":"raes.cz","logo":{"@type":"ImageObject","@id":"\/logo.png","url":"\/logo.png","width":600,"height":60}},"image":{"@type":"ImageObject","@id":"https:\/\/www.raes.cz\/wp-content\/uploads\/img_a353447_w1916_t1568019761.jpg","url":"https:\/\/www.raes.cz\/wp-content\/uploads\/img_a353447_w1916_t1568019761.jpg","height":0,"width":0},"keywords":null}]}