{"@context":"https:\/\/schema.org\/","@type":"CollectionPage","@id":"https:\/\/www.raes.cz\/nakupy\/#CollectionPage","headline":"N\u00e1kupy Category","description":"","url":"https:\/\/www.raes.cz\/nakupy\/","hasPart":[{"@type":"Article","@id":"https:\/\/www.raes.cz\/gastroserver-vycepni-zarizeni-s-chlazenim\/","headline":"Gastroserver &#8211; v\u00fd\u010depn\u00ed za\u0159\u00edzen\u00ed s chlazen\u00edm","url":"https:\/\/www.raes.cz\/gastroserver-vycepni-zarizeni-s-chlazenim\/","datePublished":"2022-01-16","dateModified":"2023-05-01","mainEntityOfPage":"https:\/\/www.raes.cz\/gastroserver-vycepni-zarizeni-s-chlazenim\/","author":{"@type":"Person","@id":"https:\/\/www.raes.cz\/author\/#Person","name":"","url":"https:\/\/www.raes.cz\/author\/","identifier":1,"image":{"@type":"ImageObject","@id":"https:\/\/secure.gravatar.com\/avatar\/13dbcc20b7c05fcb5c4a6b0bee5a7107a0aae9238a83a4088a42d170780b2eca?s=96&d=mm&r=g","url":"https:\/\/secure.gravatar.com\/avatar\/13dbcc20b7c05fcb5c4a6b0bee5a7107a0aae9238a83a4088a42d170780b2eca?s=96&d=mm&r=g","height":96,"width":96}},"publisher":{"@type":"Organization","name":"raes.cz","logo":{"@type":"ImageObject","@id":"\/logo.png","url":"\/logo.png","width":600,"height":60}},"image":{"@type":"ImageObject","@id":"https:\/\/www.raes.cz\/wp-content\/uploads\/man-gf4de3aa31_1280.png","url":"https:\/\/www.raes.cz\/wp-content\/uploads\/man-gf4de3aa31_1280.png","height":0,"width":0},"keywords":null},{"@type":"Article","@id":"https:\/\/www.raes.cz\/trampolina-a-pohyb\/","headline":"Trampol\u00edna a pohyb","url":"https:\/\/www.raes.cz\/trampolina-a-pohyb\/","datePublished":"2021-12-26","dateModified":"2023-05-01","mainEntityOfPage":"https:\/\/www.raes.cz\/trampolina-a-pohyb\/","author":{"@type":"Person","@id":"https:\/\/www.raes.cz\/author\/#Person","name":"","url":"https:\/\/www.raes.cz\/author\/","identifier":1,"image":{"@type":"ImageObject","@id":"https:\/\/secure.gravatar.com\/avatar\/13dbcc20b7c05fcb5c4a6b0bee5a7107a0aae9238a83a4088a42d170780b2eca?s=96&d=mm&r=g","url":"https:\/\/secure.gravatar.com\/avatar\/13dbcc20b7c05fcb5c4a6b0bee5a7107a0aae9238a83a4088a42d170780b2eca?s=96&d=mm&r=g","height":96,"width":96}},"publisher":{"@type":"Organization","name":"raes.cz","logo":{"@type":"ImageObject","@id":"\/logo.png","url":"\/logo.png","width":600,"height":60}},"image":{"@type":"ImageObject","@id":"https:\/\/www.raes.cz\/wp-content\/uploads\/hometrampoline.jpg","url":"https:\/\/www.raes.cz\/wp-content\/uploads\/hometrampoline.jpg","height":0,"width":0},"keywords":null},{"@type":"Article","@id":"https:\/\/www.raes.cz\/zaklady-satniku\/","headline":"Z\u00e1klady \u0161atn\u00edku","url":"https:\/\/www.raes.cz\/zaklady-satniku\/","datePublished":"2021-11-27","dateModified":"2023-05-01","mainEntityOfPage":"https:\/\/www.raes.cz\/zaklady-satniku\/","author":{"@type":"Person","@id":"https:\/\/www.raes.cz\/author\/#Person","name":"","url":"https:\/\/www.raes.cz\/author\/","identifier":1,"image":{"@type":"ImageObject","@id":"https:\/\/secure.gravatar.com\/avatar\/13dbcc20b7c05fcb5c4a6b0bee5a7107a0aae9238a83a4088a42d170780b2eca?s=96&d=mm&r=g","url":"https:\/\/secure.gravatar.com\/avatar\/13dbcc20b7c05fcb5c4a6b0bee5a7107a0aae9238a83a4088a42d170780b2eca?s=96&d=mm&r=g","height":96,"width":96}},"publisher":{"@type":"Organization","name":"raes.cz","logo":{"@type":"ImageObject","@id":"\/logo.png","url":"\/logo.png","width":600,"height":60}},"image":{"@type":"ImageObject","@id":"https:\/\/www.raes.cz\/wp-content\/uploads\/%C4%8Dern%C3%A9%20%C5%A1aty_1.jpg","url":"https:\/\/www.raes.cz\/wp-content\/uploads\/%C4%8Dern%C3%A9%20%C5%A1aty_1.jpg","height":0,"width":0},"keywords":null},{"@type":"Article","@id":"https:\/\/www.raes.cz\/viagra-bez-predpisu\/","headline":"Viagra bez p\u0159edpisu","url":"https:\/\/www.raes.cz\/viagra-bez-predpisu\/","datePublished":"2021-11-11","dateModified":"2023-05-01","mainEntityOfPage":"https:\/\/www.raes.cz\/viagra-bez-predpisu\/","author":{"@type":"Person","@id":"https:\/\/www.raes.cz\/author\/#Person","name":"","url":"https:\/\/www.raes.cz\/author\/","identifier":1,"image":{"@type":"ImageObject","@id":"https:\/\/secure.gravatar.com\/avatar\/13dbcc20b7c05fcb5c4a6b0bee5a7107a0aae9238a83a4088a42d170780b2eca?s=96&d=mm&r=g","url":"https:\/\/secure.gravatar.com\/avatar\/13dbcc20b7c05fcb5c4a6b0bee5a7107a0aae9238a83a4088a42d170780b2eca?s=96&d=mm&r=g","height":96,"width":96}},"publisher":{"@type":"Organization","name":"raes.cz","logo":{"@type":"ImageObject","@id":"\/logo.png","url":"\/logo.png","width":600,"height":60}},"image":{"@type":"ImageObject","@id":"https:\/\/www.raes.cz\/wp-content\/uploads\/61_prosta-ere.png","url":"https:\/\/www.raes.cz\/wp-content\/uploads\/61_prosta-ere.png","height":0,"width":0},"keywords":null},{"@type":"Article","@id":"https:\/\/www.raes.cz\/venkovni-posezeni\/","headline":"Venkovn\u00ed posezen\u00ed","url":"https:\/\/www.raes.cz\/venkovni-posezeni\/","datePublished":"2021-10-10","dateModified":"2023-12-08","mainEntityOfPage":"https:\/\/www.raes.cz\/venkovni-posezeni\/","author":{"@type":"Person","@id":"https:\/\/www.raes.cz\/author\/#Person","name":"","url":"https:\/\/www.raes.cz\/author\/","identifier":1,"image":{"@type":"ImageObject","@id":"https:\/\/secure.gravatar.com\/avatar\/13dbcc20b7c05fcb5c4a6b0bee5a7107a0aae9238a83a4088a42d170780b2eca?s=96&d=mm&r=g","url":"https:\/\/secure.gravatar.com\/avatar\/13dbcc20b7c05fcb5c4a6b0bee5a7107a0aae9238a83a4088a42d170780b2eca?s=96&d=mm&r=g","height":96,"width":96}},"publisher":{"@type":"Organization","name":"raes.cz","logo":{"@type":"ImageObject","@id":"\/logo.png","url":"\/logo.png","width":600,"height":60}},"image":{"@type":"ImageObject","@id":"https:\/\/www.raes.cz\/wp-content\/uploads\/pexels-photo-5984690_1.jpeg","url":"https:\/\/www.raes.cz\/wp-content\/uploads\/pexels-photo-5984690_1.jpeg","height":0,"width":0},"keywords":null},{"@type":"Article","@id":"https:\/\/www.raes.cz\/detsky-pokoj-bez-pomoci-designera\/","headline":"D\u011btsk\u00fd pokoj bez pomoci design\u00e9ra?","url":"https:\/\/www.raes.cz\/detsky-pokoj-bez-pomoci-designera\/","datePublished":"2021-03-16","dateModified":"2023-05-01","mainEntityOfPage":"https:\/\/www.raes.cz\/detsky-pokoj-bez-pomoci-designera\/","author":{"@type":"Person","@id":"https:\/\/www.raes.cz\/author\/#Person","name":"","url":"https:\/\/www.raes.cz\/author\/","identifier":1,"image":{"@type":"ImageObject","@id":"https:\/\/secure.gravatar.com\/avatar\/13dbcc20b7c05fcb5c4a6b0bee5a7107a0aae9238a83a4088a42d170780b2eca?s=96&d=mm&r=g","url":"https:\/\/secure.gravatar.com\/avatar\/13dbcc20b7c05fcb5c4a6b0bee5a7107a0aae9238a83a4088a42d170780b2eca?s=96&d=mm&r=g","height":96,"width":96}},"publisher":{"@type":"Organization","name":"raes.cz","logo":{"@type":"ImageObject","@id":"\/logo.png","url":"\/logo.png","width":600,"height":60}},"image":{"@type":"ImageObject","@id":"https:\/\/www.raes.cz\/wp-content\/uploads\/d%C4%9Btsk%C3%BD%20pokoj_10_5.jpg","url":"https:\/\/www.raes.cz\/wp-content\/uploads\/d%C4%9Btsk%C3%BD%20pokoj_10_5.jpg","height":0,"width":0},"keywords":null},{"@type":"Article","@id":"https:\/\/www.raes.cz\/bio-kokosovy-olej-se-vyplati\/","headline":"Bio kokosov\u00fd olej se vyplat\u00ed!","url":"https:\/\/www.raes.cz\/bio-kokosovy-olej-se-vyplati\/","datePublished":"2020-11-07","dateModified":"2023-05-01","mainEntityOfPage":"https:\/\/www.raes.cz\/bio-kokosovy-olej-se-vyplati\/","author":{"@type":"Person","@id":"https:\/\/www.raes.cz\/author\/#Person","name":"","url":"https:\/\/www.raes.cz\/author\/","identifier":1,"image":{"@type":"ImageObject","@id":"https:\/\/secure.gravatar.com\/avatar\/13dbcc20b7c05fcb5c4a6b0bee5a7107a0aae9238a83a4088a42d170780b2eca?s=96&d=mm&r=g","url":"https:\/\/secure.gravatar.com\/avatar\/13dbcc20b7c05fcb5c4a6b0bee5a7107a0aae9238a83a4088a42d170780b2eca?s=96&d=mm&r=g","height":96,"width":96}},"publisher":{"@type":"Organization","name":"raes.cz","logo":{"@type":"ImageObject","@id":"\/logo.png","url":"\/logo.png","width":600,"height":60}},"image":{"@type":"ImageObject","@id":"https:\/\/www.raes.cz\/wp-content\/uploads\/kokosov%C3%A1%20palma_3.jpg","url":"https:\/\/www.raes.cz\/wp-content\/uploads\/kokosov%C3%A1%20palma_3.jpg","height":0,"width":0},"keywords":null},{"@type":"Article","@id":"https:\/\/www.raes.cz\/neni-sleva-jako-sleva\/","headline":"Nen\u00ed sleva jako sleva","url":"https:\/\/www.raes.cz\/neni-sleva-jako-sleva\/","datePublished":"2020-09-22","dateModified":"2023-05-01","mainEntityOfPage":"https:\/\/www.raes.cz\/neni-sleva-jako-sleva\/","author":{"@type":"Person","@id":"https:\/\/www.raes.cz\/author\/#Person","name":"","url":"https:\/\/www.raes.cz\/author\/","identifier":1,"image":{"@type":"ImageObject","@id":"https:\/\/secure.gravatar.com\/avatar\/13dbcc20b7c05fcb5c4a6b0bee5a7107a0aae9238a83a4088a42d170780b2eca?s=96&d=mm&r=g","url":"https:\/\/secure.gravatar.com\/avatar\/13dbcc20b7c05fcb5c4a6b0bee5a7107a0aae9238a83a4088a42d170780b2eca?s=96&d=mm&r=g","height":96,"width":96}},"publisher":{"@type":"Organization","name":"raes.cz","logo":{"@type":"ImageObject","@id":"\/logo.png","url":"\/logo.png","width":600,"height":60}},"image":null,"keywords":null},{"@type":"Article","@id":"https:\/\/www.raes.cz\/repase-rizeni\/","headline":"Repase \u0159\u00edzen\u00ed","url":"https:\/\/www.raes.cz\/repase-rizeni\/","datePublished":"2020-08-22","dateModified":"2023-08-21","mainEntityOfPage":"https:\/\/www.raes.cz\/repase-rizeni\/","author":{"@type":"Person","@id":"https:\/\/www.raes.cz\/author\/#Person","name":"","url":"https:\/\/www.raes.cz\/author\/","identifier":1,"image":{"@type":"ImageObject","@id":"https:\/\/secure.gravatar.com\/avatar\/13dbcc20b7c05fcb5c4a6b0bee5a7107a0aae9238a83a4088a42d170780b2eca?s=96&d=mm&r=g","url":"https:\/\/secure.gravatar.com\/avatar\/13dbcc20b7c05fcb5c4a6b0bee5a7107a0aae9238a83a4088a42d170780b2eca?s=96&d=mm&r=g","height":96,"width":96}},"publisher":{"@type":"Organization","name":"raes.cz","logo":{"@type":"ImageObject","@id":"\/logo.png","url":"\/logo.png","width":600,"height":60}},"image":{"@type":"ImageObject","@id":"https:\/\/www.raes.cz\/wp-content\/uploads\/img_a385867_w4446_t1598599684.jpg","url":"https:\/\/www.raes.cz\/wp-content\/uploads\/img_a385867_w4446_t1598599684.jpg","height":0,"width":0},"keywords":null},{"@type":"Article","@id":"https:\/\/www.raes.cz\/nadherne-nove-schodiste\/","headline":"N\u00e1dhern\u00e9 nov\u00e9 schodi\u0161t\u011b","url":"https:\/\/www.raes.cz\/nadherne-nove-schodiste\/","datePublished":"2020-08-07","dateModified":"2023-05-01","mainEntityOfPage":"https:\/\/www.raes.cz\/nadherne-nove-schodiste\/","author":{"@type":"Person","@id":"https:\/\/www.raes.cz\/author\/#Person","name":"","url":"https:\/\/www.raes.cz\/author\/","identifier":1,"image":{"@type":"ImageObject","@id":"https:\/\/secure.gravatar.com\/avatar\/13dbcc20b7c05fcb5c4a6b0bee5a7107a0aae9238a83a4088a42d170780b2eca?s=96&d=mm&r=g","url":"https:\/\/secure.gravatar.com\/avatar\/13dbcc20b7c05fcb5c4a6b0bee5a7107a0aae9238a83a4088a42d170780b2eca?s=96&d=mm&r=g","height":96,"width":96}},"publisher":{"@type":"Organization","name":"raes.cz","logo":{"@type":"ImageObject","@id":"\/logo.png","url":"\/logo.png","width":600,"height":60}},"image":{"@type":"ImageObject","@id":"https:\/\/www.raes.cz\/wp-content\/uploads\/to%C4%8Dit%C3%A9%20schodi%C5%A1t%C4%9B_5.jpg","url":"https:\/\/www.raes.cz\/wp-content\/uploads\/to%C4%8Dit%C3%A9%20schodi%C5%A1t%C4%9B_5.jpg","height":0,"width":0},"keywords":null}]}