{"@context":"https:\/\/schema.org\/","@type":"CollectionPage","@id":"https:\/\/www.raes.cz\/nakupy\/#CollectionPage","headline":"N\u00e1kupy Category","description":"","url":"https:\/\/www.raes.cz\/nakupy\/","hasPart":[{"@type":"Article","@id":"https:\/\/www.raes.cz\/dira-v-zemi\/","headline":"D\u00edra v zemi","url":"https:\/\/www.raes.cz\/dira-v-zemi\/","datePublished":"2025-12-14","dateModified":"2025-12-14","mainEntityOfPage":"https:\/\/www.raes.cz\/dira-v-zemi\/","author":{"@type":"Person","@id":"https:\/\/www.raes.cz\/author\/#Person","name":"","url":"https:\/\/www.raes.cz\/author\/","identifier":1,"image":{"@type":"ImageObject","@id":"https:\/\/secure.gravatar.com\/avatar\/13dbcc20b7c05fcb5c4a6b0bee5a7107a0aae9238a83a4088a42d170780b2eca?s=96&d=mm&r=g","url":"https:\/\/secure.gravatar.com\/avatar\/13dbcc20b7c05fcb5c4a6b0bee5a7107a0aae9238a83a4088a42d170780b2eca?s=96&d=mm&r=g","height":96,"width":96}},"publisher":{"@type":"Organization","name":"raes.cz","logo":{"@type":"ImageObject","@id":"\/logo.png","url":"\/logo.png","width":600,"height":60}},"image":{"@type":"ImageObject","@id":"https:\/\/www.raes.cz\/wp-content\/uploads\/pexels-olly-3775163_1.jpg","url":"https:\/\/www.raes.cz\/wp-content\/uploads\/pexels-olly-3775163_1.jpg","height":0,"width":0},"keywords":null},{"@type":"Article","@id":"https:\/\/www.raes.cz\/oblecte-sve-dite-kvalitne\/","headline":"Oble\u010dte sv\u00e9 d\u00edt\u011b kvalitn\u011b","url":"https:\/\/www.raes.cz\/oblecte-sve-dite-kvalitne\/","datePublished":"2025-11-19","dateModified":"2025-11-19","mainEntityOfPage":"https:\/\/www.raes.cz\/oblecte-sve-dite-kvalitne\/","author":{"@type":"Person","@id":"https:\/\/www.raes.cz\/author\/#Person","name":"","url":"https:\/\/www.raes.cz\/author\/","identifier":1,"image":{"@type":"ImageObject","@id":"https:\/\/secure.gravatar.com\/avatar\/13dbcc20b7c05fcb5c4a6b0bee5a7107a0aae9238a83a4088a42d170780b2eca?s=96&d=mm&r=g","url":"https:\/\/secure.gravatar.com\/avatar\/13dbcc20b7c05fcb5c4a6b0bee5a7107a0aae9238a83a4088a42d170780b2eca?s=96&d=mm&r=g","height":96,"width":96}},"publisher":{"@type":"Organization","name":"raes.cz","logo":{"@type":"ImageObject","@id":"\/logo.png","url":"\/logo.png","width":600,"height":60}},"image":{"@type":"ImageObject","@id":"https:\/\/www.raes.cz\/wp-content\/uploads\/baby-7540912_640_10_6.jpg","url":"https:\/\/www.raes.cz\/wp-content\/uploads\/baby-7540912_640_10_6.jpg","height":0,"width":0},"keywords":null},{"@type":"Article","@id":"https:\/\/www.raes.cz\/sitotisk-je-velmi-stara-ale-stale-osvedcena-tiskova-metoda\/","headline":"S\u00edtotisk je velmi star\u00e1, ale st\u00e1le osv\u011bd\u010den\u00e1 tiskov\u00e1 metoda","url":"https:\/\/www.raes.cz\/sitotisk-je-velmi-stara-ale-stale-osvedcena-tiskova-metoda\/","datePublished":"2025-11-02","dateModified":"2025-11-02","mainEntityOfPage":"https:\/\/www.raes.cz\/sitotisk-je-velmi-stara-ale-stale-osvedcena-tiskova-metoda\/","author":{"@type":"Person","@id":"https:\/\/www.raes.cz\/author\/#Person","name":"","url":"https:\/\/www.raes.cz\/author\/","identifier":1,"image":{"@type":"ImageObject","@id":"https:\/\/secure.gravatar.com\/avatar\/13dbcc20b7c05fcb5c4a6b0bee5a7107a0aae9238a83a4088a42d170780b2eca?s=96&d=mm&r=g","url":"https:\/\/secure.gravatar.com\/avatar\/13dbcc20b7c05fcb5c4a6b0bee5a7107a0aae9238a83a4088a42d170780b2eca?s=96&d=mm&r=g","height":96,"width":96}},"publisher":{"@type":"Organization","name":"raes.cz","logo":{"@type":"ImageObject","@id":"\/logo.png","url":"\/logo.png","width":600,"height":60}},"image":{"@type":"ImageObject","@id":"https:\/\/www.raes.cz\/wp-content\/uploads\/t-shirt-1524677_640_10_10_7.jpg","url":"https:\/\/www.raes.cz\/wp-content\/uploads\/t-shirt-1524677_640_10_10_7.jpg","height":0,"width":0},"keywords":null},{"@type":"Article","@id":"https:\/\/www.raes.cz\/reklamni-mikiny-pro-vystup-na-snezku\/","headline":"Reklamn\u00ed mikiny pro v\u00fdstup na Sn\u011b\u017eku","url":"https:\/\/www.raes.cz\/reklamni-mikiny-pro-vystup-na-snezku\/","datePublished":"2025-10-20","dateModified":"2025-10-20","mainEntityOfPage":"https:\/\/www.raes.cz\/reklamni-mikiny-pro-vystup-na-snezku\/","author":{"@type":"Person","@id":"https:\/\/www.raes.cz\/author\/#Person","name":"","url":"https:\/\/www.raes.cz\/author\/","identifier":1,"image":{"@type":"ImageObject","@id":"https:\/\/secure.gravatar.com\/avatar\/13dbcc20b7c05fcb5c4a6b0bee5a7107a0aae9238a83a4088a42d170780b2eca?s=96&d=mm&r=g","url":"https:\/\/secure.gravatar.com\/avatar\/13dbcc20b7c05fcb5c4a6b0bee5a7107a0aae9238a83a4088a42d170780b2eca?s=96&d=mm&r=g","height":96,"width":96}},"publisher":{"@type":"Organization","name":"raes.cz","logo":{"@type":"ImageObject","@id":"\/logo.png","url":"\/logo.png","width":600,"height":60}},"image":{"@type":"ImageObject","@id":"https:\/\/www.raes.cz\/wp-content\/uploads\/cat-9894304_640.jpg","url":"https:\/\/www.raes.cz\/wp-content\/uploads\/cat-9894304_640.jpg","height":0,"width":0},"keywords":null},{"@type":"Article","@id":"https:\/\/www.raes.cz\/plot-z-drateneho-pletiva-povazuji-za-tradicni-a-stale-skvele-reseni-oploceni-pozemku\/","headline":"Plot z dr\u00e1t\u011bn\u00e9ho pletiva pova\u017euji za tradi\u010dn\u00ed a st\u00e1le skv\u011bl\u00e9 \u0159e\u0161en\u00ed oplocen\u00ed pozemku","url":"https:\/\/www.raes.cz\/plot-z-drateneho-pletiva-povazuji-za-tradicni-a-stale-skvele-reseni-oploceni-pozemku\/","datePublished":"2025-10-05","dateModified":"2025-10-05","mainEntityOfPage":"https:\/\/www.raes.cz\/plot-z-drateneho-pletiva-povazuji-za-tradicni-a-stale-skvele-reseni-oploceni-pozemku\/","author":{"@type":"Person","@id":"https:\/\/www.raes.cz\/author\/#Person","name":"","url":"https:\/\/www.raes.cz\/author\/","identifier":1,"image":{"@type":"ImageObject","@id":"https:\/\/secure.gravatar.com\/avatar\/13dbcc20b7c05fcb5c4a6b0bee5a7107a0aae9238a83a4088a42d170780b2eca?s=96&d=mm&r=g","url":"https:\/\/secure.gravatar.com\/avatar\/13dbcc20b7c05fcb5c4a6b0bee5a7107a0aae9238a83a4088a42d170780b2eca?s=96&d=mm&r=g","height":96,"width":96}},"publisher":{"@type":"Organization","name":"raes.cz","logo":{"@type":"ImageObject","@id":"\/logo.png","url":"\/logo.png","width":600,"height":60}},"image":{"@type":"ImageObject","@id":"https:\/\/www.raes.cz\/wp-content\/uploads\/sparrow-7182408_640_8.jpg","url":"https:\/\/www.raes.cz\/wp-content\/uploads\/sparrow-7182408_640_8.jpg","height":0,"width":0},"keywords":null},{"@type":"Article","@id":"https:\/\/www.raes.cz\/budte-s-novymi-garazovymi-vraty-za-vodou\/","headline":"Bu\u010fte s nov\u00fdmi gar\u00e1\u017eov\u00fdmi vraty za vodou","url":"https:\/\/www.raes.cz\/budte-s-novymi-garazovymi-vraty-za-vodou\/","datePublished":"2025-08-13","dateModified":"2025-08-13","mainEntityOfPage":"https:\/\/www.raes.cz\/budte-s-novymi-garazovymi-vraty-za-vodou\/","author":{"@type":"Person","@id":"https:\/\/www.raes.cz\/author\/#Person","name":"","url":"https:\/\/www.raes.cz\/author\/","identifier":1,"image":{"@type":"ImageObject","@id":"https:\/\/secure.gravatar.com\/avatar\/13dbcc20b7c05fcb5c4a6b0bee5a7107a0aae9238a83a4088a42d170780b2eca?s=96&d=mm&r=g","url":"https:\/\/secure.gravatar.com\/avatar\/13dbcc20b7c05fcb5c4a6b0bee5a7107a0aae9238a83a4088a42d170780b2eca?s=96&d=mm&r=g","height":96,"width":96}},"publisher":{"@type":"Organization","name":"raes.cz","logo":{"@type":"ImageObject","@id":"\/logo.png","url":"\/logo.png","width":600,"height":60}},"image":{"@type":"ImageObject","@id":"https:\/\/www.raes.cz\/wp-content\/uploads\/house-1836070_640_10_10_10_10_10_10_10_10_10_10_10_9.jpg","url":"https:\/\/www.raes.cz\/wp-content\/uploads\/house-1836070_640_10_10_10_10_10_10_10_10_10_10_10_9.jpg","height":0,"width":0},"keywords":null},{"@type":"Article","@id":"https:\/\/www.raes.cz\/k-cemu-slouzi-zahradni-solarni-sprcha\/","headline":"K \u010demu slou\u017e\u00ed zahradn\u00ed sol\u00e1rn\u00ed sprcha","url":"https:\/\/www.raes.cz\/k-cemu-slouzi-zahradni-solarni-sprcha\/","datePublished":"2023-01-10","dateModified":"2023-05-01","mainEntityOfPage":"https:\/\/www.raes.cz\/k-cemu-slouzi-zahradni-solarni-sprcha\/","author":{"@type":"Person","@id":"https:\/\/www.raes.cz\/author\/#Person","name":"","url":"https:\/\/www.raes.cz\/author\/","identifier":1,"image":{"@type":"ImageObject","@id":"https:\/\/secure.gravatar.com\/avatar\/13dbcc20b7c05fcb5c4a6b0bee5a7107a0aae9238a83a4088a42d170780b2eca?s=96&d=mm&r=g","url":"https:\/\/secure.gravatar.com\/avatar\/13dbcc20b7c05fcb5c4a6b0bee5a7107a0aae9238a83a4088a42d170780b2eca?s=96&d=mm&r=g","height":96,"width":96}},"publisher":{"@type":"Organization","name":"raes.cz","logo":{"@type":"ImageObject","@id":"\/logo.png","url":"\/logo.png","width":600,"height":60}},"image":{"@type":"ImageObject","@id":"https:\/\/www.raes.cz\/wp-content\/uploads\/sprcha2_2.jpg","url":"https:\/\/www.raes.cz\/wp-content\/uploads\/sprcha2_2.jpg","height":0,"width":0},"keywords":null},{"@type":"Article","@id":"https:\/\/www.raes.cz\/jak-zaridit-teplou-vodu-v-bazene\/","headline":"Jak za\u0159\u00eddit teplou vodu v baz\u00e9n\u011b","url":"https:\/\/www.raes.cz\/jak-zaridit-teplou-vodu-v-bazene\/","datePublished":"2022-07-15","dateModified":"2023-05-01","mainEntityOfPage":"https:\/\/www.raes.cz\/jak-zaridit-teplou-vodu-v-bazene\/","author":{"@type":"Person","@id":"https:\/\/www.raes.cz\/author\/#Person","name":"","url":"https:\/\/www.raes.cz\/author\/","identifier":1,"image":{"@type":"ImageObject","@id":"https:\/\/secure.gravatar.com\/avatar\/13dbcc20b7c05fcb5c4a6b0bee5a7107a0aae9238a83a4088a42d170780b2eca?s=96&d=mm&r=g","url":"https:\/\/secure.gravatar.com\/avatar\/13dbcc20b7c05fcb5c4a6b0bee5a7107a0aae9238a83a4088a42d170780b2eca?s=96&d=mm&r=g","height":96,"width":96}},"publisher":{"@type":"Organization","name":"raes.cz","logo":{"@type":"ImageObject","@id":"\/logo.png","url":"\/logo.png","width":600,"height":60}},"image":{"@type":"ImageObject","@id":"https:\/\/www.raes.cz\/wp-content\/uploads\/large-home-gfdea86533_640_2.jpg","url":"https:\/\/www.raes.cz\/wp-content\/uploads\/large-home-gfdea86533_640_2.jpg","height":0,"width":0},"keywords":null},{"@type":"Article","@id":"https:\/\/www.raes.cz\/stetovnice-larsen-je-dulezita-soucast-mnoha-modernich-staveb\/","headline":"\u0160t\u011btovnice larsen je d\u016fle\u017eit\u00e1 sou\u010d\u00e1st mnoha modern\u00edch staveb","url":"https:\/\/www.raes.cz\/stetovnice-larsen-je-dulezita-soucast-mnoha-modernich-staveb\/","datePublished":"2022-07-11","dateModified":"2023-05-01","mainEntityOfPage":"https:\/\/www.raes.cz\/stetovnice-larsen-je-dulezita-soucast-mnoha-modernich-staveb\/","author":{"@type":"Person","@id":"https:\/\/www.raes.cz\/author\/#Person","name":"","url":"https:\/\/www.raes.cz\/author\/","identifier":1,"image":{"@type":"ImageObject","@id":"https:\/\/secure.gravatar.com\/avatar\/13dbcc20b7c05fcb5c4a6b0bee5a7107a0aae9238a83a4088a42d170780b2eca?s=96&d=mm&r=g","url":"https:\/\/secure.gravatar.com\/avatar\/13dbcc20b7c05fcb5c4a6b0bee5a7107a0aae9238a83a4088a42d170780b2eca?s=96&d=mm&r=g","height":96,"width":96}},"publisher":{"@type":"Organization","name":"raes.cz","logo":{"@type":"ImageObject","@id":"\/logo.png","url":"\/logo.png","width":600,"height":60}},"image":{"@type":"ImageObject","@id":"https:\/\/www.raes.cz\/wp-content\/uploads\/sheet-piles-2461509_640_7.jpg","url":"https:\/\/www.raes.cz\/wp-content\/uploads\/sheet-piles-2461509_640_7.jpg","height":0,"width":0},"keywords":null},{"@type":"Article","@id":"https:\/\/www.raes.cz\/orechovka-je-vselek\/","headline":"O\u0159echovka je v\u0161el\u00e9k","url":"https:\/\/www.raes.cz\/orechovka-je-vselek\/","datePublished":"2022-03-28","dateModified":"2023-05-01","mainEntityOfPage":"https:\/\/www.raes.cz\/orechovka-je-vselek\/","author":{"@type":"Person","@id":"https:\/\/www.raes.cz\/author\/#Person","name":"","url":"https:\/\/www.raes.cz\/author\/","identifier":1,"image":{"@type":"ImageObject","@id":"https:\/\/secure.gravatar.com\/avatar\/13dbcc20b7c05fcb5c4a6b0bee5a7107a0aae9238a83a4088a42d170780b2eca?s=96&d=mm&r=g","url":"https:\/\/secure.gravatar.com\/avatar\/13dbcc20b7c05fcb5c4a6b0bee5a7107a0aae9238a83a4088a42d170780b2eca?s=96&d=mm&r=g","height":96,"width":96}},"publisher":{"@type":"Organization","name":"raes.cz","logo":{"@type":"ImageObject","@id":"\/logo.png","url":"\/logo.png","width":600,"height":60}},"image":{"@type":"ImageObject","@id":"https:\/\/www.raes.cz\/wp-content\/uploads\/nuts-g8ab747b12_640.jpg","url":"https:\/\/www.raes.cz\/wp-content\/uploads\/nuts-g8ab747b12_640.jpg","height":0,"width":0},"keywords":null}]}