[{"@context":"https:\/\/schema.org\/","@type":"Article","@id":"https:\/\/www.raes.cz\/muzi-a-zahranici\/#Article","mainEntityOfPage":"https:\/\/www.raes.cz\/muzi-a-zahranici\/","headline":"Mu\u017ei a zahrani\u010d\u00ed","name":"Mu\u017ei a zahrani\u010d\u00ed","description":"Pokud je v\u011bc, kter\u00e1 mnohem v\u00edce l\u00e1k\u00e1 mu\u017ee, ne\u017e \u017eeny, pak je to nejen \u017eivot, ale tak\u00e9 pr\u00e1ce v\u00a0zahrani\u010d\u00ed. Mnoho \u017een o n\u011bco takov\u00e9ho p\u0159\u00edli\u0161 &hellip; ","datePublished":"2022-08-17","dateModified":"2023-05-01","author":{"@type":"Person","@id":"https:\/\/www.raes.cz\/author\/#Person","name":"","url":"https:\/\/www.raes.cz\/author\/","identifier":1,"image":{"@type":"ImageObject","@id":"https:\/\/secure.gravatar.com\/avatar\/13dbcc20b7c05fcb5c4a6b0bee5a7107a0aae9238a83a4088a42d170780b2eca?s=96&d=mm&r=g","url":"https:\/\/secure.gravatar.com\/avatar\/13dbcc20b7c05fcb5c4a6b0bee5a7107a0aae9238a83a4088a42d170780b2eca?s=96&d=mm&r=g","height":96,"width":96}},"publisher":{"@type":"Organization","name":"raes.cz","logo":{"@type":"ImageObject","@id":"\/logo.png","url":"\/logo.png","width":600,"height":60}},"image":{"@type":"ImageObject","@id":"https:\/\/www.raes.cz\/wp-content\/uploads\/mu%C5%BE%20a_1.JPG","url":"https:\/\/www.raes.cz\/wp-content\/uploads\/mu%C5%BE%20a_1.JPG","height":0,"width":0},"url":"https:\/\/www.raes.cz\/muzi-a-zahranici\/","about":["Mu\u017ei"],"wordCount":430,"articleBody":"Pokud je v\u011bc, kter\u00e1 mnohem v\u00edce l\u00e1k\u00e1 mu\u017ee, ne\u017e \u017eeny, pak je to nejen \u017eivot, ale tak\u00e9 pr\u00e1ce v\u00a0zahrani\u010d\u00ed. Mnoho \u017een o n\u011bco takov\u00e9ho p\u0159\u00edli\u0161 nestoj\u00ed, proto\u017ee jsou nastaveny tak, \u017ee je pot\u0159eba fungovat zp\u016fsobem, \u017ee si najdou man\u017eela, vytvo\u0159\u00ed spole\u010dn\u00fd domov, d\u011bti a v\u0161e bude tak, jak by m\u011blo b\u00fdt. Dne\u0161n\u00ed mu\u017ei u\u017e nejsou takov\u00ed, jako byli d\u0159\u00edve a mnohem v\u00edce je l\u00e1k\u00e1 b\u00fdt v\u00a0zahrani\u010d\u00ed, ne\u017e v\u00a0republice, odkud poch\u00e1zej\u00ed a to a\u0165 u\u017e z\u00a0d\u016fvodu v\u011bt\u0161\u00edho finan\u010dn\u00edho ohodnocen\u00ed nebo z\u00a0toho d\u016fvodu, \u017ee ne\u017e dojde k\u00a0tomu, \u017ee se usad\u00ed, cht\u011bj\u00ed toho poznat co nejv\u00edce.Jestli\u017ee spolu dva lid\u00e9 chod\u00ed a cht\u011bj\u00ed spolu b\u00fdt i do budoucna, je pot\u0159eba to n\u011bjak\u00fdm rozumn\u00fdm zp\u016fsobem vy\u0159e\u0161it. Pokud chce \u010dlov\u011bk fungovat v\u00a0zahrani\u010d\u00ed po dobu jednoho roku, jist\u011b nebude m\u00edt druh\u00fd z\u00a0partner\u016f probl\u00e9m rok na dan\u00e9ho \u010dlov\u011bka po\u010dkat. Pokud chce ale \u010dlov\u011bk v\u00a0zahrani\u010d\u00ed ji\u017e z\u016fstat nebo po dobu pobytu zjist\u00ed, \u017ee je to pro n\u011bj ide\u00e1ln\u00ed m\u00edsto pro \u017eivot, druh\u00fd partner bude \u010delit velk\u00e9mu rozhodnut\u00ed a t\u00edm bude to, zda z\u016fstane na m\u00edst\u011b, na kter\u00e9m nyn\u00ed \u017eije a nebude mu zb\u00fdvat nic jin\u00e9ho, ne\u017e se pod\u00edvat po n\u011bkom jin\u00e9m, kdo by pro n\u011bj mohl b\u00fdt partnerem na cel\u00fd \u017eivot, nebo odjet za partnerem do zahrani\u010d\u00ed a vyzkou\u0161et si, zda by byl schopen i on s\u00e1m v\u00a0zahrani\u010d\u00ed fungovat a zda by si na nov\u00e9 prost\u0159ed\u00ed zvykl.Je mo\u017en\u00e9, \u017ee dan\u00fd \u010dlov\u011bk zjist\u00ed, \u017ee zahrani\u010d\u00ed pro n\u011bj nebude a tak se vr\u00e1t\u00ed a bude si muset \u010dasem naj\u00edt n\u011bkoho, s\u00a0k\u00fdm se mu povede zalo\u017eit rodinu. V\u00a0p\u0159\u00edpad\u011b, \u017ee by nem\u011bl probl\u00e9m v\u00a0zahrani\u010d\u00ed fungovat, ur\u010dit\u011b se d\u00e1 za\u0159\u00eddit p\u0159est\u011bhov\u00e1n\u00ed a \u010dasem i ob\u010danstv\u00ed.\u00a0K\u00a0zahrani\u010d\u00ed opravdu t\u00edhnou v\u00edce mu\u017ei, ne\u017e \u017eeny a tak je nej\u010dast\u011bji v\u00a0pozici toho, kdo se m\u00e1 rozhodnout, zda zahrani\u010d\u00ed ano nebo ne, \u017eena, pro kterou to rozhodn\u011b nebude jednoduch\u00e9.\u00a0Pro l\u00e1sku je schopen \u010dlov\u011bk ob\u011btovat mnoh\u00e9, ale je pot\u0159eba, aby tak\u00e9 \u010dlov\u011bk myslel hlavn\u011b na sebe a na to, co je pro n\u011bj nejlep\u0161\u00ed.                                                                                                                                                                                                                                                                                                                                                                                        4.5\/5 - (10 votes)        "},{"@context":"https:\/\/schema.org\/","@type":"BreadcrumbList","itemListElement":[{"@type":"ListItem","position":1,"name":"Mu\u017ei a zahrani\u010d\u00ed","item":"https:\/\/www.raes.cz\/muzi-a-zahranici\/#breadcrumbitem"}]}]