[{"@context":"https:\/\/schema.org\/","@type":"Article","@id":"https:\/\/www.raes.cz\/mobilni-telefony-a-uprava-fotek\/#Article","mainEntityOfPage":"https:\/\/www.raes.cz\/mobilni-telefony-a-uprava-fotek\/","headline":"Mobiln\u00ed telefony a \u00faprava fotek","name":"Mobiln\u00ed telefony a \u00faprava fotek","description":"V dne\u0161n\u00ed dob\u011b jsou mobily neodmyslitelnou sou\u010d\u00e1st\u00ed na\u0161ich \u017eivot\u016f. Vyu\u017e\u00edv\u00e1me je prakticky ke v\u0161emu, bereme je v\u0161ude sebou a kdy\u017e n\u011bco pot\u0159ebujeme v\u011bd\u011bt, tak se &hellip; ","datePublished":"2021-09-11","dateModified":"2023-05-01","author":{"@type":"Person","@id":"https:\/\/www.raes.cz\/author\/#Person","name":"","url":"https:\/\/www.raes.cz\/author\/","identifier":1,"image":{"@type":"ImageObject","@id":"https:\/\/secure.gravatar.com\/avatar\/13dbcc20b7c05fcb5c4a6b0bee5a7107a0aae9238a83a4088a42d170780b2eca?s=96&d=mm&r=g","url":"https:\/\/secure.gravatar.com\/avatar\/13dbcc20b7c05fcb5c4a6b0bee5a7107a0aae9238a83a4088a42d170780b2eca?s=96&d=mm&r=g","height":96,"width":96}},"publisher":{"@type":"Organization","name":"raes.cz","logo":{"@type":"ImageObject","@id":"\/logo.png","url":"\/logo.png","width":600,"height":60}},"image":{"@type":"ImageObject","@id":"https:\/\/www.raes.cz\/wp-content\/uploads\/pexels-oladimeji-ajegbile-3314294.jpg","url":"https:\/\/www.raes.cz\/wp-content\/uploads\/pexels-oladimeji-ajegbile-3314294.jpg","height":0,"width":0},"url":"https:\/\/www.raes.cz\/mobilni-telefony-a-uprava-fotek\/","about":["Mobil"],"wordCount":404,"articleBody":"V dne\u0161n\u00ed dob\u011b jsou mobily neodmyslitelnou sou\u010d\u00e1st\u00ed na\u0161ich \u017eivot\u016f. Vyu\u017e\u00edv\u00e1me je prakticky ke v\u0161emu, bereme je v\u0161ude sebou a kdy\u017e n\u011bco pot\u0159ebujeme v\u011bd\u011bt, tak se rad\u0161i zept\u00e1me mobil\u016f. D\u0159\u00edve jsme se na cestu ptali lid\u00ed, na p\u0159\u00edznaky a nemoci doktor\u016f, pro v\u011bci jsme chodili do kamenn\u00fdch obchod\u016f, vzpom\u00ednky jsme zaznamen\u00e1vali p\u0159es kamery atd. Dnes je hold v\u0161e jinak. Kdy\u017e n\u011bkam jedete, tak vyu\u017e\u00edv\u00e1te v\u011bt\u0161inou mapy a navigace na mobilu. Kdy\u017e si chcete n\u011bco koupit, tak nakupujete online. Vzpom\u00ednky si zaznamen\u00e1v\u00e1te na fotoapar\u00e1t sv\u00e9ho mobilu. J\u00e1 bych se dnes cht\u011bla zam\u011b\u0159it na aplikace, kde upravujete fotky, videa a mnoho dal\u0161\u00edho.\u00a0Existuje mnoho aplikac\u00ed, kter\u00e9 si m\u016f\u017eete st\u00e1hnout zdarma nebo si n\u011bjak\u00e9 lep\u0161\u00ed aplikace zaplatit. Nejv\u00edce lid\u00e9 hledaj\u00ed na \u00fapravu fotek takov\u00e9 aplikace, kde se d\u00e1 retu\u0161ovat, n\u011bco odstranit, d\u00e1 se tam d\u00e1t filtr a jin\u00e9 pomocn\u00e9 v\u011bci. D\u00e1le se pak hledaj\u00ed aplikace, kde si ze sv\u00fdch fotek m\u016f\u017eete vytvo\u0159it kol\u00e1\u017e z v\u00edce fotek, kterou pak m\u016f\u017eete d\u00e1t na n\u011bjakou z mnoha soci\u00e1ln\u00edch s\u00edt\u00ed. Existuj\u00ed p\u0159\u00edmo i aplikace pro vytv\u00e1\u0159en\u00ed obr\u00e1zk\u016f na v\u00fdb\u011bry na Instagramu \u010di aplikace p\u0159\u00edmo na tvo\u0159en\u00ed p\u0159\u00edb\u011bh\u016f na Instagramu (bu\u010fto si najdete aplikaci, kde d\u00e1v\u00e1te fotky, texty nebo aplikaci, kde p\u00ed\u0161ete jen ur\u010dit\u00fd text bez fotek).\u00a0Co se t\u00fd\u010de vide\u00ed, tak tam tak\u00e9 najdete mnoho druh\u016f, a\u0165 u\u017e placen\u00fdch \u010di zdarma. N\u011bkde v\u00e1s mohou nal\u00e1kat zku\u0161ebn\u00ed verz\u00ed, kterou pak budete platit. V aplikac\u00edch pro \u00fapravu vide\u00ed lid\u00e9 nejv\u00edce pot\u0159ebuj\u00ed vlo\u017een\u00ed zvuku, nastaven\u00ed d\u00e9lky videa \u010di fotek, ot\u00e1\u010den\u00ed fotek a vide\u00ed, vkl\u00e1d\u00e1n\u00ed textu a jin\u00e9 v\u011bci. Najdete i aplikace, ve kter\u00e9 si m\u016f\u017eete vytvo\u0159it kol\u00e1\u017e nejen z fotek, ale tak\u00e9 z vide\u00ed.\u00a0Mnoho lid\u00ed p\u0159i v\u00fdb\u011bru kouk\u00e1 na hodnocen\u00ed dan\u00e9 aplikace a pro\u010d\u00edt\u00e1 koment\u00e1\u0159e. Co\u017e je dob\u0159e, jeliko\u017e si ur\u010dit\u011b nechcete st\u00e1hnout aplikaci, kter\u00e1 v\u00e1m nakonec ani nejde spustit nebo v\u00e1m do va\u0161eho mobiln\u00edho telefonu nat\u00e1hne n\u011bjak\u00fd vir \u010di podobn\u00e9 v\u011bci.                                                                                                                                                                                                                                                                                                                                                                                        4.7\/5 - (4 votes)        "},{"@context":"https:\/\/schema.org\/","@type":"BreadcrumbList","itemListElement":[{"@type":"ListItem","position":1,"name":"Mobiln\u00ed telefony a \u00faprava fotek","item":"https:\/\/www.raes.cz\/mobilni-telefony-a-uprava-fotek\/#breadcrumbitem"}]}]