{"@context":"https:\/\/schema.org\/","@type":"CollectionPage","@id":"https:\/\/www.raes.cz\/mobil\/#CollectionPage","headline":"Mobil Category","description":"","url":"https:\/\/www.raes.cz\/mobil\/","hasPart":[{"@type":"Article","@id":"https:\/\/www.raes.cz\/zavislost-na-mobilu\/","headline":"Z\u00e1vislost na mobilu","url":"https:\/\/www.raes.cz\/zavislost-na-mobilu\/","datePublished":"2022-12-31","dateModified":"2023-08-18","mainEntityOfPage":"https:\/\/www.raes.cz\/zavislost-na-mobilu\/","author":{"@type":"Person","@id":"https:\/\/www.raes.cz\/author\/#Person","name":"","url":"https:\/\/www.raes.cz\/author\/","identifier":1,"image":{"@type":"ImageObject","@id":"https:\/\/secure.gravatar.com\/avatar\/13dbcc20b7c05fcb5c4a6b0bee5a7107a0aae9238a83a4088a42d170780b2eca?s=96&d=mm&r=g","url":"https:\/\/secure.gravatar.com\/avatar\/13dbcc20b7c05fcb5c4a6b0bee5a7107a0aae9238a83a4088a42d170780b2eca?s=96&d=mm&r=g","height":96,"width":96}},"publisher":{"@type":"Organization","name":"raes.cz","logo":{"@type":"ImageObject","@id":"\/logo.png","url":"\/logo.png","width":600,"height":60}},"image":{"@type":"ImageObject","@id":"https:\/\/www.raes.cz\/wp-content\/uploads\/coffee-5945391_960_720_1.jpg","url":"https:\/\/www.raes.cz\/wp-content\/uploads\/coffee-5945391_960_720_1.jpg","height":0,"width":0},"keywords":null},{"@type":"Article","@id":"https:\/\/www.raes.cz\/mobil-v-praci\/","headline":"Mobil v pr\u00e1ci","url":"https:\/\/www.raes.cz\/mobil-v-praci\/","datePublished":"2022-07-30","dateModified":"2023-05-01","mainEntityOfPage":"https:\/\/www.raes.cz\/mobil-v-praci\/","author":{"@type":"Person","@id":"https:\/\/www.raes.cz\/author\/#Person","name":"","url":"https:\/\/www.raes.cz\/author\/","identifier":1,"image":{"@type":"ImageObject","@id":"https:\/\/secure.gravatar.com\/avatar\/13dbcc20b7c05fcb5c4a6b0bee5a7107a0aae9238a83a4088a42d170780b2eca?s=96&d=mm&r=g","url":"https:\/\/secure.gravatar.com\/avatar\/13dbcc20b7c05fcb5c4a6b0bee5a7107a0aae9238a83a4088a42d170780b2eca?s=96&d=mm&r=g","height":96,"width":96}},"publisher":{"@type":"Organization","name":"raes.cz","logo":{"@type":"ImageObject","@id":"\/logo.png","url":"\/logo.png","width":600,"height":60}},"image":{"@type":"ImageObject","@id":"https:\/\/www.raes.cz\/wp-content\/uploads\/iphone-518101_960_720_2.jpg","url":"https:\/\/www.raes.cz\/wp-content\/uploads\/iphone-518101_960_720_2.jpg","height":0,"width":0},"keywords":null},{"@type":"Article","@id":"https:\/\/www.raes.cz\/vyhody-uzivani-mobilniho-telefonu\/","headline":"V\u00fdhody u\u017e\u00edv\u00e1n\u00ed mobiln\u00edho telefonu","url":"https:\/\/www.raes.cz\/vyhody-uzivani-mobilniho-telefonu\/","datePublished":"2022-06-03","dateModified":"2023-05-01","mainEntityOfPage":"https:\/\/www.raes.cz\/vyhody-uzivani-mobilniho-telefonu\/","author":{"@type":"Person","@id":"https:\/\/www.raes.cz\/author\/#Person","name":"","url":"https:\/\/www.raes.cz\/author\/","identifier":1,"image":{"@type":"ImageObject","@id":"https:\/\/secure.gravatar.com\/avatar\/13dbcc20b7c05fcb5c4a6b0bee5a7107a0aae9238a83a4088a42d170780b2eca?s=96&d=mm&r=g","url":"https:\/\/secure.gravatar.com\/avatar\/13dbcc20b7c05fcb5c4a6b0bee5a7107a0aae9238a83a4088a42d170780b2eca?s=96&d=mm&r=g","height":96,"width":96}},"publisher":{"@type":"Organization","name":"raes.cz","logo":{"@type":"ImageObject","@id":"\/logo.png","url":"\/logo.png","width":600,"height":60}},"image":{"@type":"ImageObject","@id":"https:\/\/www.raes.cz\/wp-content\/uploads\/Mobil%20v%20ruk%C3%A1ch_10.jpg","url":"https:\/\/www.raes.cz\/wp-content\/uploads\/Mobil%20v%20ruk%C3%A1ch_10.jpg","height":0,"width":0},"keywords":null},{"@type":"Article","@id":"https:\/\/www.raes.cz\/jak-efektivne-vyuzivat-mobily\/","headline":"Jak efektivn\u011b vyu\u017e\u00edvat mobily?","url":"https:\/\/www.raes.cz\/jak-efektivne-vyuzivat-mobily\/","datePublished":"2021-11-30","dateModified":"2023-05-01","mainEntityOfPage":"https:\/\/www.raes.cz\/jak-efektivne-vyuzivat-mobily\/","author":{"@type":"Person","@id":"https:\/\/www.raes.cz\/author\/#Person","name":"","url":"https:\/\/www.raes.cz\/author\/","identifier":1,"image":{"@type":"ImageObject","@id":"https:\/\/secure.gravatar.com\/avatar\/13dbcc20b7c05fcb5c4a6b0bee5a7107a0aae9238a83a4088a42d170780b2eca?s=96&d=mm&r=g","url":"https:\/\/secure.gravatar.com\/avatar\/13dbcc20b7c05fcb5c4a6b0bee5a7107a0aae9238a83a4088a42d170780b2eca?s=96&d=mm&r=g","height":96,"width":96}},"publisher":{"@type":"Organization","name":"raes.cz","logo":{"@type":"ImageObject","@id":"\/logo.png","url":"\/logo.png","width":600,"height":60}},"image":{"@type":"ImageObject","@id":"https:\/\/www.raes.cz\/wp-content\/uploads\/iphone-gbd7f468f0_1280.jpg","url":"https:\/\/www.raes.cz\/wp-content\/uploads\/iphone-gbd7f468f0_1280.jpg","height":0,"width":0},"keywords":null},{"@type":"Article","@id":"https:\/\/www.raes.cz\/mobilni-telefony-a-uprava-fotek\/","headline":"Mobiln\u00ed telefony a \u00faprava fotek","url":"https:\/\/www.raes.cz\/mobilni-telefony-a-uprava-fotek\/","datePublished":"2021-09-11","dateModified":"2023-05-01","mainEntityOfPage":"https:\/\/www.raes.cz\/mobilni-telefony-a-uprava-fotek\/","author":{"@type":"Person","@id":"https:\/\/www.raes.cz\/author\/#Person","name":"","url":"https:\/\/www.raes.cz\/author\/","identifier":1,"image":{"@type":"ImageObject","@id":"https:\/\/secure.gravatar.com\/avatar\/13dbcc20b7c05fcb5c4a6b0bee5a7107a0aae9238a83a4088a42d170780b2eca?s=96&d=mm&r=g","url":"https:\/\/secure.gravatar.com\/avatar\/13dbcc20b7c05fcb5c4a6b0bee5a7107a0aae9238a83a4088a42d170780b2eca?s=96&d=mm&r=g","height":96,"width":96}},"publisher":{"@type":"Organization","name":"raes.cz","logo":{"@type":"ImageObject","@id":"\/logo.png","url":"\/logo.png","width":600,"height":60}},"image":{"@type":"ImageObject","@id":"https:\/\/www.raes.cz\/wp-content\/uploads\/pexels-oladimeji-ajegbile-3314294.jpg","url":"https:\/\/www.raes.cz\/wp-content\/uploads\/pexels-oladimeji-ajegbile-3314294.jpg","height":0,"width":0},"keywords":null},{"@type":"Article","@id":"https:\/\/www.raes.cz\/i-absence-plovaku-muze-byt-prekazkou\/","headline":"I absence plov\u00e1ku m\u016f\u017ee b\u00fdt p\u0159ek\u00e1\u017ekou","url":"https:\/\/www.raes.cz\/i-absence-plovaku-muze-byt-prekazkou\/","datePublished":"2017-05-21","dateModified":"2023-05-01","mainEntityOfPage":"https:\/\/www.raes.cz\/i-absence-plovaku-muze-byt-prekazkou\/","author":{"@type":"Person","@id":"https:\/\/www.raes.cz\/author\/#Person","name":"","url":"https:\/\/www.raes.cz\/author\/","identifier":1,"image":{"@type":"ImageObject","@id":"https:\/\/secure.gravatar.com\/avatar\/13dbcc20b7c05fcb5c4a6b0bee5a7107a0aae9238a83a4088a42d170780b2eca?s=96&d=mm&r=g","url":"https:\/\/secure.gravatar.com\/avatar\/13dbcc20b7c05fcb5c4a6b0bee5a7107a0aae9238a83a4088a42d170780b2eca?s=96&d=mm&r=g","height":96,"width":96}},"publisher":{"@type":"Organization","name":"raes.cz","logo":{"@type":"ImageObject","@id":"\/logo.png","url":"\/logo.png","width":600,"height":60}},"image":{"@type":"ImageObject","@id":"https:\/\/www.raes.cz\/wp-content\/uploads\/img_a288867_w1779_t1499953298.jpg","url":"https:\/\/www.raes.cz\/wp-content\/uploads\/img_a288867_w1779_t1499953298.jpg","height":0,"width":0},"keywords":null}]}