[{"@context":"https:\/\/schema.org\/","@type":"Article","@id":"https:\/\/www.raes.cz\/mobil-v-praci\/#Article","mainEntityOfPage":"https:\/\/www.raes.cz\/mobil-v-praci\/","headline":"Mobil v pr\u00e1ci","name":"Mobil v pr\u00e1ci","description":"Mobiln\u00ed telefon je v dne\u0161n\u00ed dob\u011b pova\u017eov\u00e1n za \u00faplnou nutnost a taky za klasiku. J\u00e1 opravdu nezn\u00e1m \u010dlov\u011bka, kter\u00fd by nem\u011bl mobiln\u00ed telefon. I kdy\u017e &hellip; ","datePublished":"2022-07-30","dateModified":"2023-05-01","author":{"@type":"Person","@id":"https:\/\/www.raes.cz\/author\/#Person","name":"","url":"https:\/\/www.raes.cz\/author\/","identifier":1,"image":{"@type":"ImageObject","@id":"https:\/\/secure.gravatar.com\/avatar\/13dbcc20b7c05fcb5c4a6b0bee5a7107a0aae9238a83a4088a42d170780b2eca?s=96&d=mm&r=g","url":"https:\/\/secure.gravatar.com\/avatar\/13dbcc20b7c05fcb5c4a6b0bee5a7107a0aae9238a83a4088a42d170780b2eca?s=96&d=mm&r=g","height":96,"width":96}},"publisher":{"@type":"Organization","name":"raes.cz","logo":{"@type":"ImageObject","@id":"\/logo.png","url":"\/logo.png","width":600,"height":60}},"image":{"@type":"ImageObject","@id":"https:\/\/www.raes.cz\/wp-content\/uploads\/iphone-518101_960_720_2.jpg","url":"https:\/\/www.raes.cz\/wp-content\/uploads\/iphone-518101_960_720_2.jpg","height":0,"width":0},"url":"https:\/\/www.raes.cz\/mobil-v-praci\/","about":["Mobil"],"wordCount":405,"articleBody":"Mobiln\u00ed telefon je v dne\u0161n\u00ed dob\u011b pova\u017eov\u00e1n za \u00faplnou nutnost a taky za klasiku. J\u00e1 opravdu nezn\u00e1m \u010dlov\u011bka, kter\u00fd by nem\u011bl mobiln\u00ed telefon. I kdy\u017e samoz\u0159ejm\u011b existuj\u00ed lid\u00e9, kte\u0159\u00ed mobiln\u00ed telefon v\u016fbec necht\u011bj\u00ed. Zji\u0161\u0165ovala jsem potom, pro\u010d ho necht\u011bj\u00ed. A dozv\u011bd\u011bla jsem se, \u017ee jsou lid\u00e9, kte\u0159\u00ed nemaj\u00ed r\u00e1di modern\u00ed dobu anebo r\u016fzn\u00e9 modern\u00ed vymo\u017eenosti a futurismus. Mysl\u00edm si, \u017ee se jim \u0159\u00edk\u00e1 a\u00a0am\u0161ov\u00e9. A ti pr\u00fd \u017eij\u00ed n\u011bkde na kraji vesnice anebo v lese, kde v\u016fbec nemaj\u00ed t\u0159eba \u017e\u00e1dnou elekt\u0159inu anebo dal\u0161\u00ed elektrotechniku a nebo mobiln\u00ed telefon \u010di nap\u0159\u00edklad televizi. Abych se v\u00e1m p\u0159iznala, j\u00e1 bych se bez televize a bez mobilu a bez po\u010d\u00edta\u010de asi zbl\u00e1znila, jsem ji\u017e nato moc zvykl\u00fd. J\u00e1 v\u00edm, \u017ee si \u0159\u00edk\u00e1te, \u017ee je to o zvyku. Proto\u017ee si vzpom\u00edn\u00e1m, kdy\u017e jsem byla d\u00edt\u011b, tak mi \u017e\u00e1dn\u00fd mobil nebo po\u010d\u00edta\u010d v\u016fbec nechyb\u011bl. Prvn\u00ed mobil a po\u010d\u00edta\u010d jsem m\u011bla asi ve sv\u00fdch t\u0159in\u00e1cti anebo patn\u00e1cti letech.A od t\u00e9 doby, Jsem u\u017e bez toho nemohla b\u00fdt. Opravdu asi z\u00e1visl\u00e1 jsem na mobilu a na po\u010d\u00edta\u010di za\u010dala b\u00fdt, kdy\u017e mi bylo dvacet let. Proto\u017ee jsem za\u010dala pracovat v pr\u00e1ci, ve\u00a0wellness\u00a0centru, kdy jsem pot\u0159ebovala k pr\u00e1ci ka\u017ed\u00fd den po\u010d\u00edta\u010d. Taky s mobiln\u00edm telefonem anebo pevnou linkou st\u00e1le obvol\u00e1vala sv\u00e9 klienty, tak\u017ee pr\u00e1ce s touto technikou pro m\u011b byla opravdu na denn\u00edm po\u0159\u00e1dku. A taky byla jsem r\u00e1da, \u017ee alespo\u0148 zn\u00e1m tyto z\u00e1klady, kter\u00e9 k pr\u00e1ci pot\u0159ebuji. Nav\u00edc taky jsem se potom na kurzu d\u00edky pr\u00e1ci dozv\u011bd\u011bla, co to znamenaj\u00ed r\u016fzn\u00e9 slo\u017eit\u00e9 technick\u00e9 n\u00e1zvy. Tak\u017ee potom jsem si do mobiln\u00edho telefonu taky musela st\u00e1hnout r\u016fzn\u00e9 aplikace, kter\u00e9 mi pom\u00e1haly komunikovat se z\u00e1kazn\u00edky anebo zji\u0161\u0165ovat r\u016fzn\u00e9 informace, kter\u00e9 k pr\u00e1ci ve\u00a0wellness\u00a0centru pot\u0159ebuji. Jako t\u0159eba nap\u0159\u00edklad objedn\u00e1vky anebo rezervace. Taky spolupr\u00e1ce s mobiln\u00edm telefonem je pro m\u011b opravdu d\u016fle\u017eit\u00e1 a pot\u0159ebuji ji ke sv\u00e9 denn\u00ed pr\u00e1ci. Taky pracujete, kde pot\u0159ebujete mobil?\u00a0                                                                                                                                                                                                                                                                                                                                                                                        4\/5 - (9 votes)        "},{"@context":"https:\/\/schema.org\/","@type":"BreadcrumbList","itemListElement":[{"@type":"ListItem","position":1,"name":"Mobil v pr\u00e1ci","item":"https:\/\/www.raes.cz\/mobil-v-praci\/#breadcrumbitem"}]}]