[{"@context":"https:\/\/schema.org\/","@type":"Article","@id":"https:\/\/www.raes.cz\/kvalitni-pocitac\/#Article","mainEntityOfPage":"https:\/\/www.raes.cz\/kvalitni-pocitac\/","headline":"Kvalitn\u00ed po\u010d\u00edta\u010d","name":"Kvalitn\u00ed po\u010d\u00edta\u010d","description":"V dne\u0161n\u00ed dob\u011b po\u010d\u00edta\u010d chce m\u00edt t\u00e9m\u011b\u0159 ka\u017ed\u00fd. Bez po\u010d\u00edta\u010de se nikdo neobejde, ale abych se p\u0159iznala, tak i j\u00e1 jsem bl\u00e1zen do po\u010d\u00edta\u010d\u016f. I\u00a0kdy\u017e &hellip; ","datePublished":"2023-07-28","dateModified":"2024-06-28","author":{"@type":"Person","@id":"https:\/\/www.raes.cz\/author\/#Person","name":"","url":"https:\/\/www.raes.cz\/author\/","identifier":1,"image":{"@type":"ImageObject","@id":"https:\/\/secure.gravatar.com\/avatar\/13dbcc20b7c05fcb5c4a6b0bee5a7107a0aae9238a83a4088a42d170780b2eca?s=96&d=mm&r=g","url":"https:\/\/secure.gravatar.com\/avatar\/13dbcc20b7c05fcb5c4a6b0bee5a7107a0aae9238a83a4088a42d170780b2eca?s=96&d=mm&r=g","height":96,"width":96}},"publisher":{"@type":"Organization","name":"raes.cz","logo":{"@type":"ImageObject","@id":"\/logo.png","url":"\/logo.png","width":600,"height":60}},"image":{"@type":"ImageObject","@id":"https:\/\/www.raes.cz\/wp-content\/uploads\/computer-767781_1280_5.jpg","url":"https:\/\/www.raes.cz\/wp-content\/uploads\/computer-767781_1280_5.jpg","height":0,"width":0},"url":"https:\/\/www.raes.cz\/kvalitni-pocitac\/","about":["PC"],"wordCount":402,"articleBody":"V dne\u0161n\u00ed dob\u011b po\u010d\u00edta\u010d chce m\u00edt t\u00e9m\u011b\u0159 ka\u017ed\u00fd. Bez po\u010d\u00edta\u010de se nikdo neobejde, ale abych se p\u0159iznala, tak i j\u00e1 jsem bl\u00e1zen do po\u010d\u00edta\u010d\u016f. I\u00a0kdy\u017e m\u00e1m tablet a notebook, tak st\u00e1le chci m\u00edt n\u011bjak\u00fd opravdu kvalitn\u00ed po\u010d\u00edta\u010d. Takov\u00fd ten klasick\u00fd stoln\u00ed po\u010d\u00edta\u010d. Ale opravdu s tenkou obrazovkou. A kdybych se v\u00e1s zeptala, jak\u00fd m\u00e1te po\u010d\u00edta\u010d, tak cht\u011bli\u00a0byste opravdu n\u011bjak\u00fd kvalitn\u00ed po\u010d\u00edta\u010d, jako nap\u0159\u00edklad MacBook anebo podobn\u011b? \u00a0J\u00e1 v\u017edycky sn\u00edm a takov\u00e9m Apple po\u010d\u00edta\u010di, kter\u00fd je stoln\u00ed. Takov\u00fd tenk\u00fd, kter\u00fd m\u00e1 tak\u00e9 zvl\u00e1\u0161\u0165 kl\u00e1vesnici, proto\u017ee takov\u00fd\u00a0kr\u00e1sn\u00fd r\u016f\u017eov\u00fd Apple po\u010d\u00edta\u010d, kter\u00fd je stoln\u00ed, jsem vid\u011bla u sv\u00e9 kamar\u00e1dky a ona \u0159\u00edkala, \u017ee s n\u00edm je maxim\u00e1ln\u011b spokojen\u00e1. J\u00e1 u\u017e te\u010f jsem spokojen\u00e1 s notebooky, st\u00e1le se mi rozb\u00edj\u00ed. Hlavn\u011b\u00a0to otev\u00edr\u00e1tko\u00a0nebo ho m\u00e1m st\u00e1le zavirovan\u00fd. Tak\u017ee jsem si tak\u00e9 \u0159ekla, \u017ee kdybych si po\u0159\u00eddila opravdu drah\u00fd po\u010d\u00edta\u010d, kter\u00fd je stoln\u00ed od Apple, \u017ee bych si tak\u00e9 po\u0159\u00eddila opravdu kvalitn\u00ed antivir, proto\u017ee j\u00e1 osobn\u011b se\u00a0bez antiviru u\u017e v\u016fbec neobejdu. Kolikr\u00e1t jsem m\u011bla zavirovan\u00e9 po\u010d\u00edta\u010de a notebooky, \u017ee jsem se z toho m\u00e1lem zbl\u00e1znila. A u\u017e tohle nechci za\u017e\u00edt. V\u017edycky nech\u00e1v\u00e1m tak p\u011bt tis\u00edc\u00a0korun jenom kv\u016fli tomu, abych odvirovat po\u010d\u00edta\u010d u n\u011bjak\u00e9ho profesion\u00e1la anebo odborn\u00edka, kter\u00fd se vyzn\u00e1 v po\u010d\u00edta\u010d\u00edch. Tak\u017ee jsem si \u0159ekla, \u017ee tohle u\u017e za\u017e\u00edt nechci. Proto jsem si \u0159ekla, \u017ee nejlep\u0161\u00ed bude, kdy\u017e si po\u0159\u00edd\u00edm opravdu kvalitn\u00ed po\u010d\u00edta\u010d a k\u00a0tomu tak\u00e9 opravdu kvalitn\u00ed antivir. Jinak bych se asi zbl\u00e1znila. Mysl\u00edm si, \u017ee mnoho lid\u00ed pr\u00e1v\u011b d\u00e1v\u00e1 p\u0159ednost kvalitn\u00edm v\u011bcem. A\u00a0jak jste na tom vy? Tak\u00e9 d\u00e1v\u00e1te p\u0159ednost tomu, aby hlavn\u011b po\u010d\u00edta\u010d byl v\u00fdkonn\u00fd a kvalitn\u00ed\u00a0nebo je v\u00e1m to jedno?\u00a0J\u00e1 d\u00e1v\u00e1m hlavn\u011b v prvn\u00ed\u00a0\u0159ad\u011b na kvalitu. A mysl\u00edm si, \u017ee nejsem jedin\u00e1, kdo by cht\u011bl m\u00edt hlavn\u011b kvalitn\u00ed po\u010d\u00edta\u010d, proto\u017ee kdy\u017e si koup\u00edte nekvalitn\u00ed po\u010d\u00edta\u010d, tak se v\u00e1m bude opravdu \u010dasto rozb\u00edjet.\u00a0                                                                                                                                                                                                                                                                                                                                                                                        4.4\/5 - (5 votes)        "},{"@context":"https:\/\/schema.org\/","@type":"BreadcrumbList","itemListElement":[{"@type":"ListItem","position":1,"name":"Kvalitn\u00ed po\u010d\u00edta\u010d","item":"https:\/\/www.raes.cz\/kvalitni-pocitac\/#breadcrumbitem"}]}]