[{"@context":"https:\/\/schema.org\/","@type":"Article","@id":"https:\/\/www.raes.cz\/kdyz-ma-dite-problem-s-reci\/#Article","mainEntityOfPage":"https:\/\/www.raes.cz\/kdyz-ma-dite-problem-s-reci\/","headline":"Kdy\u017e m\u00e1 d\u00edt\u011b probl\u00e9m s \u0159e\u010d\u00ed","name":"Kdy\u017e m\u00e1 d\u00edt\u011b probl\u00e9m s \u0159e\u010d\u00ed","description":"Ovlivnit v\u00fdvoj va\u0161eho d\u00edt\u011bte do ur\u010dit\u00e9 m\u00edry lze. Pro lep\u0161\u00ed prosp\u00edv\u00e1n\u00ed a motoriku sta\u010d\u00ed, \u017ee se mu budete v\u011bnovat, hr\u00e1t si s n\u00edm a u\u010dit &hellip; ","datePublished":"2025-03-04","dateModified":"2023-05-01","author":{"@type":"Person","@id":"https:\/\/www.raes.cz\/author\/#Person","name":"","url":"https:\/\/www.raes.cz\/author\/","identifier":1,"image":{"@type":"ImageObject","@id":"https:\/\/secure.gravatar.com\/avatar\/13dbcc20b7c05fcb5c4a6b0bee5a7107a0aae9238a83a4088a42d170780b2eca?s=96&d=mm&r=g","url":"https:\/\/secure.gravatar.com\/avatar\/13dbcc20b7c05fcb5c4a6b0bee5a7107a0aae9238a83a4088a42d170780b2eca?s=96&d=mm&r=g","height":96,"width":96}},"publisher":{"@type":"Organization","name":"raes.cz","logo":{"@type":"ImageObject","@id":"\/logo.png","url":"\/logo.png","width":600,"height":60}},"image":{"@type":"ImageObject","@id":"https:\/\/www.raes.cz\/wp-content\/uploads\/img_a305940_w2355_t1517306011.jpg","url":"https:\/\/www.raes.cz\/wp-content\/uploads\/img_a305940_w2355_t1517306011.jpg","height":0,"width":0},"url":"https:\/\/www.raes.cz\/kdyz-ma-dite-problem-s-reci\/","wordCount":465,"articleBody":"Ovlivnit v\u00fdvoj va\u0161eho d\u00edt\u011bte do ur\u010dit\u00e9 m\u00edry lze. Pro lep\u0161\u00ed prosp\u00edv\u00e1n\u00ed a motoriku sta\u010d\u00ed, \u017ee se mu budete v\u011bnovat, hr\u00e1t si s n\u00edm a u\u010dit ho z\u00e1kladn\u00edm v\u011bcem, se kter\u00fdmi se bude pozd\u011bji setk\u00e1vat. To, co jde i nejde do ur\u010dit\u00e9 m\u00edry ovlivnit je jeho v\u00fdvoj \u0159e\u010di. Fakt, \u017ee s n\u00edm budete denn\u011b mluvit je\u0161t\u011b nen\u00ed znakem toho, \u017ee se mluvit nau\u010d\u00ed.\tKdy\u017e na v\u00e1s tabulky sp\u011bchaj\u00edN\u00e1v\u0161t\u011bva va\u0161eho d\u00edt\u011bte u pediatra je nejen formalita, kterou mus\u00edte absolvovat, ale tak\u00e9 pot\u0159eba pro zji\u0161t\u011bn\u00ed toho, jak prosp\u00edv\u00e1.Jedno je jist\u00e9! Ka\u017ed\u00e9 d\u00edt\u011b m\u00e1 sv\u00e9 tempo, svou vlastn\u00ed hlavu a chu\u0165 u\u010dit se nov\u00fdm v\u011bcem. N\u011bkte\u0159\u00ed jsou \u0161ikovn\u011bj\u0161\u00ed mnohem d\u0159\u00edve, n\u011b\u017e jin\u00e9. Co je ale nepr\u00fast\u0159eln\u00e9 \u2013 jsou tabulky. A dle nich se ka\u017ed\u00e9 d\u00edt\u011b mus\u00ed p\u0159ibli\u017eovat ur\u010dit\u00e9 norm\u011b, jinak je nuceno absolvovat \u0159adu vy\u0161et\u0159en\u00ed.\tDost velk\u00e9 na to, aby mluvilo&#8230;V\u011bt\u0161inou se rodi\u010de setk\u00e1vaj\u00ed s n\u00e1tlakem spole\u010dnosti, \u017ee jejich d\u00edt\u011b je\u0161t\u011b v dan\u00e9m v\u011bku nemluv\u00ed, nebo mu nen\u00ed dostate\u010dn\u011b rozum\u011bt.Pro rodi\u010de to mnohdy b\u00fdv\u00e1 situace, kdy za\u010dnou uva\u017eovat nad t\u00edm, jestli je v\u0161echno s jejich d\u00edt\u011btem v po\u0159\u00e1dku. Nejd\u016fle\u017eit\u011bj\u0161\u00ed je to, aby m\u011blo z\u00e1jem n\u011bjak\u00fdm zp\u016fsobem mluvit (\u010di u\u017e mu budete rozum\u011bt, nebo ne). To jak u\u017e mluv\u00ed, m\u016f\u017eete kdykoliv vylep\u0161it s pomoci odborn\u00edk\u016f.\tZ\u00e1zrak jm\u00e9nem LOGOPEDIEKdy\u017e va\u0161e d\u00edt\u011b dos\u00e1hlo v\u011bku, kter\u00fd je typick\u00fd t\u00edm, \u017ee v n\u011bm d\u00edt\u011b u\u017e souvisle mluv\u00ed a po\u0159\u00e1d je\u0161t\u011b nedos\u00e1hlo t\u00e9to \u00farovn\u011b, mus\u00edte zbyst\u0159it.Je mo\u017en\u00e9, \u017ee m\u00e1 n\u011bjak\u00fd probl\u00e9m, kter\u00fd mu nedovol\u00ed norm\u00e1ln\u011b se rozmluvit. N\u00e1v\u0161t\u011bva logopedick\u00e9ho centra, by m\u011bla b\u00fdt va\u0161e prvn\u00ed volba. Zde d\u016fkladn\u011b zjist\u00ed, v \u010dem m\u00e1 va\u0161e d\u00edt\u011b vlastn\u011b probl\u00e9m. Ochabl\u00e9 svalstvo v l\u00edcn\u00edch kostech, na jazyku, nebo v\u0161eobecn\u011b v puse m\u016f\u017ee b\u00fdt p\u0159\u00edpad va\u0161eho probl\u00e9mu. Dnes u\u017e nen\u00ed \u017e\u00e1dn\u00e1 ostuda nav\u0161t\u011bvovat takov\u00e9 centrum a zdokonalovat se ve v\u00fdvoji \u0159e\u010di. Pokud budete se sv\u00fdm d\u00edt\u011btem piln\u011b a dostate\u010dn\u011b cvi\u010dit, v\u00fdsledek se dostav\u00ed ur\u010dit\u011b co nevid\u011bt. Tak nev\u00e1hejte a pomozte mu nastoupit do kolektivu v norm\u00e1ln\u00edm re\u017eimu s rozmluven\u00fdm jaz\u00fd\u010dkem.                                                                                                                                                                                                                                                                                                                                                                                        4.1\/5 - (8 votes)        "},{"@context":"https:\/\/schema.org\/","@type":"BreadcrumbList","itemListElement":[{"@type":"ListItem","position":1,"name":"Kdy\u017e m\u00e1 d\u00edt\u011b probl\u00e9m s \u0159e\u010d\u00ed","item":"https:\/\/www.raes.cz\/kdyz-ma-dite-problem-s-reci\/#breadcrumbitem"}]}]