[{"@context":"https:\/\/schema.org\/","@type":"Article","@id":"https:\/\/www.raes.cz\/kabelky-pro-vsechny-prilezitosti\/#Article","mainEntityOfPage":"https:\/\/www.raes.cz\/kabelky-pro-vsechny-prilezitosti\/","headline":"Kabelky pro v\u0161echny p\u0159\u00edle\u017eitosti","name":"Kabelky pro v\u0161echny p\u0159\u00edle\u017eitosti","description":"Kabelky vystihnou ka\u017edou \u017eenu. V\u011bt\u0161ina \u017een si nav\u00edc na kr\u00e1snou kabelku opravdu potrp\u00ed, a\u0165 u\u017e se jedn\u00e1 o kabelku ko\u017eenou, l\u00e1tkovou \u010di z jin\u00e9ho materi\u00e1lu. &hellip; ","datePublished":"2019-09-05","dateModified":"2023-05-01","author":{"@type":"Person","@id":"https:\/\/www.raes.cz\/author\/#Person","name":"","url":"https:\/\/www.raes.cz\/author\/","identifier":1,"image":{"@type":"ImageObject","@id":"https:\/\/secure.gravatar.com\/avatar\/13dbcc20b7c05fcb5c4a6b0bee5a7107a0aae9238a83a4088a42d170780b2eca?s=96&d=mm&r=g","url":"https:\/\/secure.gravatar.com\/avatar\/13dbcc20b7c05fcb5c4a6b0bee5a7107a0aae9238a83a4088a42d170780b2eca?s=96&d=mm&r=g","height":96,"width":96}},"publisher":{"@type":"Organization","name":"raes.cz","logo":{"@type":"ImageObject","@id":"\/logo.png","url":"\/logo.png","width":600,"height":60}},"image":{"@type":"ImageObject","@id":"https:\/\/www.raes.cz\/wp-content\/uploads\/img_a363062_w1735_t1575896070.jpg","url":"https:\/\/www.raes.cz\/wp-content\/uploads\/img_a363062_w1735_t1575896070.jpg","height":0,"width":0},"url":"https:\/\/www.raes.cz\/kabelky-pro-vsechny-prilezitosti\/","about":["N\u00e1kupy"],"wordCount":397,"articleBody":"  Kabelky vystihnou ka\u017edou \u017eenu. V\u011bt\u0161ina \u017een si nav\u00edc na kr\u00e1snou kabelku opravdu potrp\u00ed, a\u0165 u\u017e se jedn\u00e1 o kabelku ko\u017eenou, l\u00e1tkovou \u010di z jin\u00e9ho materi\u00e1lu. Kabelky prost\u011b h\u00fdbou sv\u011btem \u017een, jsou p\u0159edm\u011btem spousty debat a jedn\u00e1 se o velice \u010dast\u00fd d\u00e1rek k narozenin\u00e1m \u010di k V\u00e1noc\u016fm. Jak\u00e9 kabelky jsou na trhu?Ko\u017een\u00e9 kabelky Ko\u017een\u00e9 kabelky jsou st\u00e1lic\u00ed na\u0161eho \u0161atn\u00edku. V\u011bt\u0161ina \u017een m\u00e1 aspo\u0148 jednu, jsou toti\u017e univerz\u00e1ln\u00ed, daj\u00ed se vz\u00edt jak do pr\u00e1ce, tak na kafe s kamar\u00e1dkou. V\u011bt\u0161inou jsou v \u010dern\u00e9, hn\u011bd\u00e9 \u010di \u010derven\u00e9 barv\u011b, v leskl\u00e9 \u010di matn\u00e9 \u00faprav\u011b. V\u00fdhodou ko\u017een\u00e9 kabelky je, \u017ee vydr\u017e\u00ed pom\u011brn\u011b dlouho, a pokud jsou kvalitn\u00ed, tak vydr\u017e\u00ed i dlouho ve skv\u011bl\u00e9m stavu. Nev\u00fdhodou je vy\u0161\u0161\u00ed po\u0159izovac\u00ed cena.L\u00e1tkov\u00e9 a plastov\u00e9 kabelky V posledn\u00edch letech jsou velice obl\u00edben\u00e9 plastov\u00e9 kabelky, kter\u00e9 maj\u00ed r\u016fzn\u00e9 barvy. Jedn\u00e1 se o kabelky v\u011bt\u0161\u00ed, vhodn\u00e9 t\u0159eba pro maminky s d\u011btmi jako ta\u0161ka na ko\u010d\u00e1rek, kter\u00e1 z\u00e1rove\u0148 vypad\u00e1 skv\u011ble. Barvy jsou opravdu r\u016fzn\u00e9. L\u00e1tkov\u00e9 kabelky jsou v posledn\u00ed dob\u011b tak\u00e9 velice obl\u00edben\u00e9, \u010dasto jsou \u0161it\u00e9 na m\u00edru u \u0161vadlen, dle po\u017eadavk\u016f z\u00e1kaznice, kter\u00e1 si kabelku objednala. Kabelka tedy m\u016f\u017ee m\u00edt tolik kapes, o kolik m\u00e1te z\u00e1jem, barvy, jak\u00e9 si p\u0159esn\u011b p\u0159ejete, a velikostn\u011b bude tak\u00e9 \u0161it\u00e1 p\u0159\u00edmo v\u00e1m na m\u00edru. Velice obl\u00edben\u00e9 jsou tak\u00e9 crosbody kabelky, kter\u00e9 jsou vhodn\u00e9 sp\u00ed\u0161e pro praktick\u00e9 \u017eeny, maj\u00ed dlouh\u00e9 ucho, kter\u00e9 v\u00e1m povede z ramena a\u017e na bok ke kabelce.Luxusn\u00ed kabelky Kter\u00e1 \u017eena by si nep\u0159\u00e1la luxusn\u00ed kabelku, kter\u00e1 bude \u0159\u00edkat, \u017ee je to pr\u00e1v\u011b ona, kdo si ji m\u016f\u017ee dovolit. Luxusn\u00ed ko\u017een\u00e9 kabelky Lorooro jsou prost\u011b snem ka\u017ed\u00e9 \u017eeny. Luxusn\u00ed kabelky jsou v\u011bt\u0161inou ko\u017een\u00e9, nebo v kombinaci s k\u016f\u017e\u00ed a \u010dasto za nimi stoj\u00ed slavn\u00fd n\u00e1vrh\u00e1\u0159, \u010di slavn\u00e1 zna\u010dka, kter\u00e1 zaru\u010duje, to \u017ee bude kabelka vypadat opravdu luxusn\u011b. A\u0165 se rozhodnete pro jakoukoli kabelku, je dobr\u00e9 se o ni dob\u0159e starat. Kabelku pravideln\u011b \u010dist\u011bte a dbejte na to, aby se nev\u00e1lela n\u011bkde po zemi.                                                                                                                                                                                                                                                                                                                                                                                         4.1\/5 - (9 votes)        "},{"@context":"https:\/\/schema.org\/","@type":"BreadcrumbList","itemListElement":[{"@type":"ListItem","position":1,"name":"Kabelky pro v\u0161echny p\u0159\u00edle\u017eitosti","item":"https:\/\/www.raes.cz\/kabelky-pro-vsechny-prilezitosti\/#breadcrumbitem"}]}]