[{"@context":"https:\/\/schema.org\/","@type":"Article","@id":"https:\/\/www.raes.cz\/k-malym-holcickam-patri-kocarek-s-panenkou-jakym-vyvojem-prosly-kocarky-v-prubehu-let\/#Article","mainEntityOfPage":"https:\/\/www.raes.cz\/k-malym-holcickam-patri-kocarek-s-panenkou-jakym-vyvojem-prosly-kocarky-v-prubehu-let\/","headline":"K mal\u00fdm hol\u010di\u010dk\u00e1m pat\u0159\u00ed ko\u010d\u00e1rek s panenkou, jak\u00fdm v\u00fdvojem pro\u0161ly ko\u010d\u00e1rky v pr\u016fb\u011bhu let?","name":"K mal\u00fdm hol\u010di\u010dk\u00e1m pat\u0159\u00ed ko\u010d\u00e1rek s panenkou, jak\u00fdm v\u00fdvojem pro\u0161ly ko\u010d\u00e1rky v pr\u016fb\u011bhu let?","description":"Kter\u00e1 mal\u00e1 hol\u010di\u010dka by si necht\u011bla hr\u00e1t s panenkami a vozit je v ko\u010d\u00e1rku? T\u011bch bychom na\u0161li jen hrstku. Ka\u017ed\u00e1 mal\u00e1 hol\u010di\u010dka si s ko\u010d\u00e1rky &hellip; ","datePublished":"2020-01-06","dateModified":"2023-05-01","author":{"@type":"Person","@id":"https:\/\/www.raes.cz\/author\/#Person","name":"","url":"https:\/\/www.raes.cz\/author\/","identifier":1,"image":{"@type":"ImageObject","@id":"https:\/\/secure.gravatar.com\/avatar\/13dbcc20b7c05fcb5c4a6b0bee5a7107a0aae9238a83a4088a42d170780b2eca?s=96&d=mm&r=g","url":"https:\/\/secure.gravatar.com\/avatar\/13dbcc20b7c05fcb5c4a6b0bee5a7107a0aae9238a83a4088a42d170780b2eca?s=96&d=mm&r=g","height":96,"width":96}},"publisher":{"@type":"Organization","name":"raes.cz","logo":{"@type":"ImageObject","@id":"\/logo.png","url":"\/logo.png","width":600,"height":60}},"image":{"@type":"ImageObject","@id":"https:\/\/www.raes.cz\/wp-content\/uploads\/img_a379140_w3016_t1590562095.jpg","url":"https:\/\/www.raes.cz\/wp-content\/uploads\/img_a379140_w3016_t1590562095.jpg","height":0,"width":0},"url":"https:\/\/www.raes.cz\/k-malym-holcickam-patri-kocarek-s-panenkou-jakym-vyvojem-prosly-kocarky-v-prubehu-let\/","about":["N\u00e1kupy"],"wordCount":461,"articleBody":"      Kter\u00e1 mal\u00e1 hol\u010di\u010dka by si necht\u011bla hr\u00e1t s panenkami a vozit je v ko\u010d\u00e1rku? T\u011bch bychom na\u0161li jen hrstku. Ka\u017ed\u00e1 mal\u00e1 hol\u010di\u010dka si s ko\u010d\u00e1rky r\u00e1da hraje, jen\u017ee tomu tak nebylo v\u017edy. I kdy\u017e u\u017e m\u011bly na\u0161e prababi\u010dky jako mal\u00e9 panenky, do ko\u010d\u00e1rku je ukl\u00e1dali jen z\u0159\u00eddka. Dnes u\u017e mal\u00e9 d\u011btsk\u00e9 ko\u010d\u00e1rky dokonale kop\u00edruj\u00ed ty velk\u00e9 ur\u010den\u00e9 pro skute\u010dn\u00e1 miminka.https:\/\/www.kosmas.cz\/knihy\/200056\/nela-mala-co-nechtela-byt-mala\/  pro panenky&#8220; src=&#8220;https:\/\/raes.cz\/wp-content\/uploads\/img_a379140_w3016_t1590562095.jpg&#8220; style=&#8220;max-width: 52%; max-height: 52%;&#8220;&gt; Prvn\u00ed podoby ko\u010d\u00e1rk\u016f Hra\u010dky m\u011bly d\u011bti v\u017edy a to i tis\u00edce let zp\u00e1tky. O n\u011b\u010dem jako je ko\u010d\u00e1rek si v\u0161ak je\u0161t\u011b hodn\u011b dlouho mohly v\u0161echny d\u011bti nechat zd\u00e1t. Samoz\u0159ejm\u011b, \u017ee ne\u017e se za\u010daly v ko\u010d\u00e1rc\u00edch vozit i panenky, byly ur\u010deny v\u00fdhradn\u011b jen pro d\u011bti a nav\u00edc jen pro d\u011bti z velmi bohat\u00fdch rodin. N\u011bco jako prvn\u00ed ko\u010d\u00e1rek se objevil u\u017e v 17. stolet\u00ed. Sp\u00ed\u0161e ne\u017e jej ale p\u0159ipom\u00ednal podivn\u00fd mal\u00fd voz\u00ed\u010dek, ve kter\u00fdch se nejprve vozili nemocn\u00ed vlada\u0159i a pozd\u011bji tak\u00e9 jejich d\u011bti. Nejstar\u0161\u00ed dochovan\u00fd ko\u010d\u00e1rek, kter\u00fd kop\u00edroval otev\u0159en\u00fd velk\u00fd ko\u010d\u00e1r, jen byl zmen\u0161en, poch\u00e1z\u00ed z roku 1708. A\u017e v roce 1840 se podle historick\u00fdch \u00fadaj\u016f za\u010daly vyr\u00e1b\u011bt ko\u010d\u00e1rky s\u00e9riov\u011b. Od roku 1901 do konce prvn\u00ed sv\u011btov\u00e9 v\u00e1lky se za\u010daly objevovat kr\u00e1sn\u00e9 ko\u010d\u00e1rky, technicky byly tak\u00e9 propracovan\u011bj\u0161\u00ed a kone\u010dn\u011b dostaly i barvy. V tomto obdob\u00ed se tak\u00e9 za\u010daly ve sv\u011bt\u011b objevovat v\u016fbec prvn\u00ed zmen\u0161eniny d\u011btsk\u00fdch ko\u010d\u00e1rk\u016f, kter\u00e9 slou\u017eily jako hra\u010dky mal\u00fdm hol\u010di\u010dk\u00e1m. Ko\u010d\u00e1rky pro d\u011bti dnes A zat\u00edmco d\u0159\u00edve byly ko\u010d\u00e1rky jako hra\u010dky pro mal\u00e9 d\u011bti sp\u00ed\u0161e vz\u00e1cnost\u00ed a jen m\u00e1lokter\u00e9 d\u00edt\u011b ho doma skute\u010dn\u011b m\u011blo, dnes se bez n\u011bj neobejde \u017e\u00e1dn\u00e1 mal\u00e1 hol\u010di\u010dka. Modern\u00ed d\u011btsk\u00e9 ko\u010d\u00e1rky jsou stejn\u011b stylov\u00e9 jako velk\u00e9 ko\u010d\u00e1rky pro miminka, dokonale je kop\u00edruj\u00ed a maj\u00ed i stejn\u00e9 funkce. Velk\u00fd ko\u010d\u00e1rek pro panenky vypad\u00e1 dokonale a d\u00edt\u011b s n\u00edm m\u016f\u017ee bez probl\u00e9m\u016f vyjet i ven na proch\u00e1zku.  Ko\u010d\u00e1rky jsou na trhu k dost\u00e1n\u00ed v nejr\u016fzn\u011bj\u0161\u00edch velikostech podle v\u011bku d\u00edt\u011bte, pro kter\u00e9 je ur\u010den. Nechyb\u00ed mu ta\u0161ka na nezbytnosti mal\u00e9 \u201emaminky\u201c a dokonce ani \u00falo\u017en\u00fd prostor pod ko\u010d\u00e1rkem.                                                                                                                                                                                                                                                                                                                                                                                          3.7\/5 - (10 votes)        "},{"@context":"https:\/\/schema.org\/","@type":"BreadcrumbList","itemListElement":[{"@type":"ListItem","position":1,"name":"K mal\u00fdm hol\u010di\u010dk\u00e1m pat\u0159\u00ed ko\u010d\u00e1rek s panenkou, jak\u00fdm v\u00fdvojem pro\u0161ly ko\u010d\u00e1rky v pr\u016fb\u011bhu let?","item":"https:\/\/www.raes.cz\/k-malym-holcickam-patri-kocarek-s-panenkou-jakym-vyvojem-prosly-kocarky-v-prubehu-let\/#breadcrumbitem"}]}]