[{"@context":"https:\/\/schema.org\/","@type":"Article","@id":"https:\/\/www.raes.cz\/jaka-je-nase-spolecnost\/#Article","mainEntityOfPage":"https:\/\/www.raes.cz\/jaka-je-nase-spolecnost\/","headline":"Jak\u00e1 je na\u0161e spole\u010dnost?","name":"Jak\u00e1 je na\u0161e spole\u010dnost?","description":"Nikdo nem\u016f\u017ee z\u016fstat v\u00a0\u017eivot\u011b docela s\u00e1m. Ka\u017ed\u00fd pot\u0159ebuje aspo\u0148 n\u011bjakou spole\u010dnost jin\u00fdch lid\u00ed, aby v\u00a0\u017eivot\u011b obst\u00e1l a aby st\u00e1l jeho \u017eivot za to. I ten &hellip; ","datePublished":"2021-11-20","dateModified":"2023-05-01","author":{"@type":"Person","@id":"https:\/\/www.raes.cz\/author\/#Person","name":"","url":"https:\/\/www.raes.cz\/author\/","identifier":1,"image":{"@type":"ImageObject","@id":"https:\/\/secure.gravatar.com\/avatar\/13dbcc20b7c05fcb5c4a6b0bee5a7107a0aae9238a83a4088a42d170780b2eca?s=96&d=mm&r=g","url":"https:\/\/secure.gravatar.com\/avatar\/13dbcc20b7c05fcb5c4a6b0bee5a7107a0aae9238a83a4088a42d170780b2eca?s=96&d=mm&r=g","height":96,"width":96}},"publisher":{"@type":"Organization","name":"raes.cz","logo":{"@type":"ImageObject","@id":"\/logo.png","url":"\/logo.png","width":600,"height":60}},"image":{"@type":"ImageObject","@id":"https:\/\/www.raes.cz\/wp-content\/uploads\/obr%C3%A1zky%20lid%C3%AD.jpg","url":"https:\/\/www.raes.cz\/wp-content\/uploads\/obr%C3%A1zky%20lid%C3%AD.jpg","height":0,"width":0},"url":"https:\/\/www.raes.cz\/jaka-je-nase-spolecnost\/","about":["Spole\u010dnost"],"wordCount":464,"articleBody":"Nikdo nem\u016f\u017ee z\u016fstat v\u00a0\u017eivot\u011b docela s\u00e1m. Ka\u017ed\u00fd pot\u0159ebuje aspo\u0148 n\u011bjakou spole\u010dnost jin\u00fdch lid\u00ed, aby v\u00a0\u017eivot\u011b obst\u00e1l a aby st\u00e1l jeho \u017eivot za to. I ten nejv\u011bt\u0161\u00ed samot\u00e1\u0159 si mus\u00ed n\u011bkdy s\u00a0n\u011bk\u00fdm popov\u00eddat, i ten, kdo je docela samostatn\u00fd, pot\u0159ebuje n\u011bkdy pomoc ciz\u00edch lid\u00ed. A tak pot\u0159ebujeme spole\u010dnost.A jakou spole\u010dnost\u00ed se my lidi obklopujeme? Samoz\u0159ejm\u011b nejrad\u0161i takovou, se kterou si rozum\u00edme. Nejrad\u0161i m\u00e1me kolem sebe lidi, se kter\u00fdmi si padneme do noty, se kter\u00fdmi toho m\u00e1me hodn\u011b spole\u010dn\u00e9ho, kte\u0159\u00ed na n\u00e1s p\u016fsob\u00ed p\u0159\u00edjemn\u00fdm dojmem a jsou ochotn\u00ed n\u00e1m i pom\u00e1hat, kdy\u017e je to pot\u0159eba. A abychom podobn\u00e9 lidi na\u0161li, mus\u00edme jim nab\u00eddnout to sam\u00e9. To znamen\u00e1, mus\u00edme se i my jim zamlouvat. Jinak s\u00a0n\u00e1mi nebudou cht\u00edt nic m\u00edt.Ale v\u00a0na\u0161\u00ed spole\u010dnosti cel\u00e9 nejsou jen takov\u00ed p\u0159\u00edjemn\u00ed lid\u00e9. Jsou tu i ti, kte\u0159\u00ed jsou n\u00e1m lhostejn\u00ed, i ti, kte\u0159\u00ed se n\u00e1m p\u0159\u00edmo protiv\u00ed. Je to tak a nic s\u00a0t\u00edm nenad\u011bl\u00e1me, proto\u017ee i takov\u00ed lidi se do na\u0161\u00ed spole\u010dnosti narodili a pat\u0159\u00ed do n\u00ed. A kdy\u017e u\u017e v\u00a0n\u00ed jsou, mus\u00edme se nau\u010dit n\u011bjak vych\u00e1zet i s\u00a0nimi. I kdy\u017e je to t\u011b\u017ek\u00e9 a n\u011bkdy se jich rad\u0161i docela stran\u00edme.Ale spole\u010dnost jako celek by n\u00e1m m\u011bla aspo\u0148 pom\u011brn\u011b vyhovovat. M\u011blo by se n\u00e1m v\u00a0n\u00ed \u017e\u00edt obstojn\u011b a m\u011bli bychom b\u00fdt r\u00e1di, \u017ee v\u00a0n\u00ed a pr\u00e1v\u011b v\u00a0n\u00ed existujeme. Mus\u00edme toti\u017e n\u011bkam pat\u0159it a nejl\u00edp se pat\u0159\u00ed do spole\u010dnosti, ve kter\u00e9 \u017eijeme odmala. Ale nemus\u00ed to tak samo sebou b\u00fdt. M\u016f\u017eeme zjistit, \u017ee je to jinde lep\u0161\u00ed, a zapojit se tak n\u011bkdy v\u00a0\u017eivot\u011b i do jin\u00e9, ciz\u00ed spole\u010dnosti. Kdy\u017e n\u00e1s tam p\u0159ijmou. Co\u017e nen\u00ed jist\u00e9, ale je to mo\u017en\u00e9.A\u0165 tak nebo jinak, do n\u011bjak\u00e9 spole\u010dnosti pat\u0159\u00edme. A mus\u00edme do n\u00ed pat\u0159it. Takov\u00e1 spole\u010dnost n\u00e1s p\u0159inejmen\u0161\u00edm trochu chr\u00e1n\u00ed, takov\u00e1 n\u00e1m aspo\u0148 trochu pom\u00e1h\u00e1 a d\u00e1v\u00e1 n\u00e1m pocit, \u017ee tu nejsme na v\u0161echno sami. Co\u017e je d\u016fle\u017eit\u00e9. Nikdo z\u00a0n\u00e1s si s\u00e1m nevysta\u010d\u00ed, ka\u017ed\u00fd by byl s\u00e1m na sv\u011bt\u011b ztracen\u00fd. A to p\u0159ece v\u016fbec nikdo nechce. Ka\u017ed\u00fd chce m\u00edt rodinu, p\u0159\u00e1tele, kolegy, zn\u00e1m\u00e9. Prost\u011b spole\u010dnost. A ur\u010dit\u011b to nikdy nebude jin\u00e9.                                                                                                                                                                                                                                                                                                                                                                                        4.4\/5 - (10 votes)        "},{"@context":"https:\/\/schema.org\/","@type":"BreadcrumbList","itemListElement":[{"@type":"ListItem","position":1,"name":"Jak\u00e1 je na\u0161e spole\u010dnost?","item":"https:\/\/www.raes.cz\/jaka-je-nase-spolecnost\/#breadcrumbitem"}]}]