[{"@context":"https:\/\/schema.org\/","@type":"Article","@id":"https:\/\/www.raes.cz\/dira-v-zemi\/#Article","mainEntityOfPage":"https:\/\/www.raes.cz\/dira-v-zemi\/","headline":"D\u00edra v zemi","name":"D\u00edra v zemi","description":"Zde je\u0161t\u011b nen\u00ed po n\u011b\u010dem ke koup\u00e1n\u00ed ani pam\u00e1tka. D\u00edra v zemi se teprve na to hlavn\u00ed p\u0159ipravuje. Je jen dob\u0159e, \u017ee jste se rozhodli &hellip; ","datePublished":"2025-12-14","dateModified":"2025-12-14","author":{"@type":"Person","@id":"https:\/\/www.raes.cz\/author\/#Person","name":"","url":"https:\/\/www.raes.cz\/author\/","identifier":1,"image":{"@type":"ImageObject","@id":"https:\/\/secure.gravatar.com\/avatar\/13dbcc20b7c05fcb5c4a6b0bee5a7107a0aae9238a83a4088a42d170780b2eca?s=96&d=mm&r=g","url":"https:\/\/secure.gravatar.com\/avatar\/13dbcc20b7c05fcb5c4a6b0bee5a7107a0aae9238a83a4088a42d170780b2eca?s=96&d=mm&r=g","height":96,"width":96}},"publisher":{"@type":"Organization","name":"raes.cz","logo":{"@type":"ImageObject","@id":"\/logo.png","url":"\/logo.png","width":600,"height":60}},"image":{"@type":"ImageObject","@id":"https:\/\/www.raes.cz\/wp-content\/uploads\/pexels-olly-3775163_1.jpg","url":"https:\/\/www.raes.cz\/wp-content\/uploads\/pexels-olly-3775163_1.jpg","height":0,"width":0},"url":"https:\/\/www.raes.cz\/dira-v-zemi\/","about":["N\u00e1kupy"],"wordCount":433,"articleBody":"       Zde je\u0161t\u011b nen\u00ed po n\u011b\u010dem ke koup\u00e1n\u00ed ani pam\u00e1tka. D\u00edra v zemi se teprve na to hlavn\u00ed p\u0159ipravuje. Je jen dob\u0159e, \u017ee jste se rozhodli baz\u00e9n si po\u0159\u00eddit. Nem\u00e1 smysl zde vypo\u010d\u00edt\u00e1vat v\u0161echny plusy, kter\u00e9 to m\u00e1. Pod\u00edv\u00e1me sa na n\u011b konkr\u00e9tn\u011b. D\u0159\u00edve se do d\u00edry nacpalo p\u00e1r d\u011bln\u00edk\u016f, kte\u0159\u00ed provedli beton\u00e1\u017e a pak nastoupili obklada\u010di. P\u0159ed nimi tam je\u0161t\u011b byli mu\u017ei, kte\u0159\u00ed prov\u00e1d\u011bli izolaci a baz\u00e9n pomali\u010dku dost\u00e1v\u00e1 ten vzhled, jak\u00fd m\u00e1 m\u00edt. V dne\u0161n\u00ed dob\u011b se s t\u00edm firmy u\u017e tolik nema\u017eou, ostatn\u011b beton a kachli\u010dky ji\u017e skoro nikdo nechce. Proto jsou zde plastov\u00e9 baz\u00e9ny, kter\u00e9 jsou ve stavb\u011b rychlej\u0161\u00ed a pohodln\u011bj\u0161\u00ed. Vanov\u00e9 nebo chcete-li baz\u00e9nov\u00e9 t\u011bleso se do d\u00edry \u0161oupne a je to. Tedy, ne tak rychle, pochopiteln\u011b.Je\u0161t\u011b se to mus\u00ed dosypat, aby bylo t\u011bleso \u0159\u00e1dn\u011b usazeno a ned\u011blalo pot\u00ed\u017ee. A kdy\u017e to v\u0161echno sed\u00ed, uprav\u00ed se okol\u00ed, napoj\u00ed \u010derpadlo s filtrac\u00ed a u\u017e se m\u016f\u017eete koupat. Tak hur\u00e1 do vody. Tyto plastov\u00e9 baz\u00e9ny maj\u00ed nav\u00edc dal\u0161\u00ed v\u00fdhody. Jde toti\u017e o jejich \u017eivotnost. Ta se uv\u00e1d\u00ed v rozmez\u00ed t\u0159iceti a\u017e pades\u00e1ti let. Ve skute\u010dnosti to bude asi d\u00e9le, proto\u017ee materi\u00e1l je to ultra pevn\u00fd a nem\u00e1 na n\u011bj skoro nic vliv. Mohou snad jen povolit spoje tlakem zeminy, ale ani to nen\u00ed zrovna p\u0159\u00edli\u0161 pravd\u011bpodobn\u00e9.Tak\u017ee ono to s tou \u017eivotnost\u00ed bude asi v\u0161elijak. Kdy\u017e d\u011blali baz\u00e9n u n\u00e1s, ptala jsem se jednoho z technik\u016f, zda jde st\u011bna baz\u00e9nu n\u011bjak\u00fdm zp\u016fsobem po\u0161kodit. On se chv\u00edli zamyslel a odpov\u011bd\u011bl, \u017ee by to \u0161lo. Semtexem nebo dynamitem. A to je\u0161t\u011b mo\u017en\u00e1. Nu\u017ee, a\u017e si budete po\u0159izovat baz\u00e9n, vzpome\u0148te si na tento \u010dl\u00e1nek, kde jste se dozv\u011bd\u011bli, vlastn\u011b nedozv\u011bd\u011bli n\u011bco o tom, jak dlouho v\u00e1m vydr\u017e\u00ed. M\u00e1m velmi v\u00e1\u017en\u00fd d\u016fvod tvrdit, \u017ee v\u00e1s to v podstat\u011b u\u017e n\u011bjak zaj\u00edmat nemus\u00ed, proto\u017ee vy probl\u00e9m ur\u010dit\u011b \u0159e\u0161it nebudete a mo\u017en\u00e1 \u017ee ne ani va\u0161e d\u011bti. Proto se nen\u00ed \u010deho ob\u00e1vat a v\u011b\u0159it, \u017ee na plastov\u00e9 baz\u00e9ny je prost\u011b spolehnut\u00ed. Nu a nyn\u00ed nezb\u00fdv\u00e1 ne\u017e pop\u0159\u00e1t p\u0159\u00edjemn\u00e9 koup\u00e1n\u00ed.                                                                                                                                                                                                                                                                                                                                                                                           3\/5 - (1 vote)        "},{"@context":"https:\/\/schema.org\/","@type":"BreadcrumbList","itemListElement":[{"@type":"ListItem","position":1,"name":"D\u00edra v zemi","item":"https:\/\/www.raes.cz\/dira-v-zemi\/#breadcrumbitem"}]}]