[{"@context":"https:\/\/schema.org\/","@type":"Article","@id":"https:\/\/www.raes.cz\/car-mnoha-profesi\/#Article","mainEntityOfPage":"https:\/\/www.raes.cz\/car-mnoha-profesi\/","headline":"Car mnoha profes\u00ed","name":"Car mnoha profes\u00ed","description":"Dalo by se \u0159\u00edci, \u017ee krutost doprov\u00e1zela v\u011bt\u0161inu rusk\u00fdch panovn\u00edk\u016f. A nejen rusk\u00fdch. Jedn\u00edm z takto proslaven\u00fdch byl i Petr Velik\u00fd. Pokud bychom ho ale &hellip; ","datePublished":"2020-09-09","dateModified":"2023-05-01","author":{"@type":"Person","@id":"https:\/\/www.raes.cz\/author\/#Person","name":"","url":"https:\/\/www.raes.cz\/author\/","identifier":1,"image":{"@type":"ImageObject","@id":"https:\/\/secure.gravatar.com\/avatar\/13dbcc20b7c05fcb5c4a6b0bee5a7107a0aae9238a83a4088a42d170780b2eca?s=96&d=mm&r=g","url":"https:\/\/secure.gravatar.com\/avatar\/13dbcc20b7c05fcb5c4a6b0bee5a7107a0aae9238a83a4088a42d170780b2eca?s=96&d=mm&r=g","height":96,"width":96}},"publisher":{"@type":"Organization","name":"raes.cz","logo":{"@type":"ImageObject","@id":"\/logo.png","url":"\/logo.png","width":600,"height":60}},"image":{"@type":"ImageObject","@id":"https:\/\/www.raes.cz\/wp-content\/uploads\/img_a326291_w1710_t1538405470.jpg","url":"https:\/\/www.raes.cz\/wp-content\/uploads\/img_a326291_w1710_t1538405470.jpg","height":0,"width":0},"url":"https:\/\/www.raes.cz\/car-mnoha-profesi\/","about":["Mu\u017ei"],"wordCount":401,"articleBody":"\tDalo by se \u0159\u00edci, \u017ee krutost doprov\u00e1zela v\u011bt\u0161inu rusk\u00fdch panovn\u00edk\u016f. A nejen rusk\u00fdch. Jedn\u00edm z takto proslaven\u00fdch byl i Petr Velik\u00fd. Pokud bychom ho ale za\u0161katulkovali pouze mezi tyrany, pak bychom mu dost uk\u0159ivdili. Petr Velik\u00fd byl nesm\u00edrn\u011b pracovit\u00fd a tak\u00e9 vzd\u011blan\u00fd \u010dlov\u011bk. o\u00a0\u00a0 Jeho n\u00e1stup k moci byl roku 1682 v\u0161ak lemov\u00e1n krv\u00ed.\to\u00a0\u00a0 To ov\u0161em nebylo jeho d\u00edlem.\tSamotn\u00fd Petr byl velice v\u0161estrann\u00fd a nadan\u00fd. Bavila ho manu\u00e1ln\u00ed pr\u00e1ce. Ve sv\u00fdch dvan\u00e1cti letech byl zdatn\u00fdm tesa\u0159em i kamen\u00edkem. Byl skute\u010dn\u011b zru\u010dn\u00fdm \u0159ezb\u00e1\u0159em d\u0159eva a slonoviny. Co ho nebavilo, bylo paradoxn\u011b panov\u00e1n\u00ed. Petr velice r\u00e1d cestoval. Cht\u011bl, aby se jeho zem\u011b p\u0159izp\u016fsobila z\u00e1padn\u00ed kultu\u0159e, kterou obdivoval.\t&#8211;\u00a0\u00a0\u00a0\u00a0\u00a0\u00a0\u00a0\u00a0 N\u011bkolik m\u011bs\u00edc\u016f str\u00e1vil v utajen\u00ed v Nizozem\u00ed, kde se v\u011bnoval stav\u011bn\u00ed lod\u00ed.\t&#8211;\u00a0\u00a0\u00a0\u00a0\u00a0\u00a0\u00a0\u00a0 V p\u0159\u00edstavu Zaandam pracoval jako lodn\u00ed tesa\u0159.\tSt\u00fdskal se s v\u00fdznamn\u00fdmi osobnostmi jak um\u011bleck\u00e9ho, tak i politick\u00e9ho a v\u011bdeck\u00e9ho sv\u011bta. Cht\u011bl, aby vzd\u011blan\u00ed a osv\u00edcen\u00ed lid\u00e9 p\u0159ijeli do Ruska a pomohli mu modernizovat jeho celkem zaostalou zemi.\t\t\u00a0\tByl tesa\u0159em i katemJe a\u017e neuv\u011b\u0159iteln\u00e9, jak\u00e1 \u0159emesla si rusk\u00fd car vyzkou\u0161el a n\u011bkter\u00e9 z nich i docela zdatn\u011b osvojil. Zm\u00ednili jsme se o lodn\u00edm stavitelstv\u00ed, tesa\u0159stv\u00ed, kamenictv\u00ed. On byl ale tak\u00e9 zru\u010dn\u00fdm \u0161evcem, soustru\u017en\u00edkem, kov\u00e1\u0159em. A co je asi nejv\u00edce p\u0159ekvapuj\u00edc\u00ed, pustil se i do l\u00e9ka\u0159stv\u00ed. Vyzkou\u0161el si n\u011bkter\u00e9 chirurgick\u00e9 a zuba\u0159sk\u00e9 z\u00e1kroky, aktivn\u011b se z\u00fa\u010dastnil pitev zv\u00ed\u0159ec\u00edch i lidsk\u00fdch t\u011bl, a dokonce si vyzkou\u0161el i pr\u00e1ci kata.o\u00a0\u00a0 Pro\u010d je tedy ozna\u010dov\u00e1n za krutovl\u00e1dce?&#8211;\u00a0\u00a0\u00a0\u00a0\u00a0\u00a0\u00a0\u00a0 Sv\u00e9 reformy se sna\u017eil vnuknout rusk\u00e9mu lidu mnohdy z\u00a0pozice s\u00edly.Kdy\u017e nap\u0159\u00edklad cht\u011bl prosadil m\u00f3du hladce oholen\u00fdch tv\u00e1\u0159\u00ed, nech\u00e1val sv\u00e9 vousat\u00e9 mu\u017eiky holit n\u00e1sil\u00edm. Nejhor\u0161\u00edm \u010dinem ale ur\u010dit\u011b z\u016fst\u00e1v\u00e1 umu\u010den\u00ed vlastn\u00edho syna, o kter\u00e9m se dozv\u011bd\u011bl, \u017ee proti n\u011bmu chyst\u00e1 vzpouru. V Rusku m\u011bli prost\u011b s t\u011bmi vztahy otec \u2013 syn asi docela probl\u00e9m.\u00a0                                                                                                                                                                                                                                                                                                                                                                                        2.8\/5 - (11 votes)        "},{"@context":"https:\/\/schema.org\/","@type":"BreadcrumbList","itemListElement":[{"@type":"ListItem","position":1,"name":"Car mnoha profes\u00ed","item":"https:\/\/www.raes.cz\/car-mnoha-profesi\/#breadcrumbitem"}]}]