{"@context":"https:\/\/schema.org\/","@type":"CollectionPage","@id":"https:\/\/www.raes.cz\/byt-a-dum\/#CollectionPage","headline":"Byt a d\u016fm Category","description":"","url":"https:\/\/www.raes.cz\/byt-a-dum\/","hasPart":[{"@type":"Article","@id":"https:\/\/www.raes.cz\/bydleni-o-jakem-jste-snili\/","headline":"Bydlen\u00ed, o jak\u00e9m jste snili","url":"https:\/\/www.raes.cz\/bydleni-o-jakem-jste-snili\/","datePublished":"2026-01-10","dateModified":"2026-01-10","mainEntityOfPage":"https:\/\/www.raes.cz\/bydleni-o-jakem-jste-snili\/","author":{"@type":"Person","@id":"https:\/\/www.raes.cz\/author\/#Person","name":"","url":"https:\/\/www.raes.cz\/author\/","identifier":1,"image":{"@type":"ImageObject","@id":"https:\/\/secure.gravatar.com\/avatar\/13dbcc20b7c05fcb5c4a6b0bee5a7107a0aae9238a83a4088a42d170780b2eca?s=96&d=mm&r=g","url":"https:\/\/secure.gravatar.com\/avatar\/13dbcc20b7c05fcb5c4a6b0bee5a7107a0aae9238a83a4088a42d170780b2eca?s=96&d=mm&r=g","height":96,"width":96}},"publisher":{"@type":"Organization","name":"raes.cz","logo":{"@type":"ImageObject","@id":"\/logo.png","url":"\/logo.png","width":600,"height":60}},"image":{"@type":"ImageObject","@id":"https:\/\/www.raes.cz\/wp-content\/uploads\/planning-gd8e6d4d30_640_10_10_10_10_10_10_6.jpg","url":"https:\/\/www.raes.cz\/wp-content\/uploads\/planning-gd8e6d4d30_640_10_10_10_10_10_10_6.jpg","height":0,"width":0},"keywords":null},{"@type":"Article","@id":"https:\/\/www.raes.cz\/krasne-domy\/","headline":"Kr\u00e1sn\u00e9 domy","url":"https:\/\/www.raes.cz\/krasne-domy\/","datePublished":"2025-06-04","dateModified":"2025-06-04","mainEntityOfPage":"https:\/\/www.raes.cz\/krasne-domy\/","author":{"@type":"Person","@id":"https:\/\/www.raes.cz\/author\/#Person","name":"","url":"https:\/\/www.raes.cz\/author\/","identifier":1,"image":{"@type":"ImageObject","@id":"https:\/\/secure.gravatar.com\/avatar\/13dbcc20b7c05fcb5c4a6b0bee5a7107a0aae9238a83a4088a42d170780b2eca?s=96&d=mm&r=g","url":"https:\/\/secure.gravatar.com\/avatar\/13dbcc20b7c05fcb5c4a6b0bee5a7107a0aae9238a83a4088a42d170780b2eca?s=96&d=mm&r=g","height":96,"width":96}},"publisher":{"@type":"Organization","name":"raes.cz","logo":{"@type":"ImageObject","@id":"\/logo.png","url":"\/logo.png","width":600,"height":60}},"image":{"@type":"ImageObject","@id":"https:\/\/www.raes.cz\/wp-content\/uploads\/house-1836070_640_10_10_10_10_10_10_10_10_10_10_1.jpg","url":"https:\/\/www.raes.cz\/wp-content\/uploads\/house-1836070_640_10_10_10_10_10_10_10_10_10_10_1.jpg","height":0,"width":0},"keywords":null},{"@type":"Article","@id":"https:\/\/www.raes.cz\/kvalitni-pergoly-se-vam-vyplati-na-sto-procent\/","headline":"Kvalitn\u00ed pergoly se v\u00e1m vyplat\u00ed na sto procent","url":"https:\/\/www.raes.cz\/kvalitni-pergoly-se-vam-vyplati-na-sto-procent\/","datePublished":"2023-05-01","dateModified":"2023-05-01","mainEntityOfPage":"https:\/\/www.raes.cz\/kvalitni-pergoly-se-vam-vyplati-na-sto-procent\/","author":{"@type":"Person","@id":"https:\/\/www.raes.cz\/author\/#Person","name":"","url":"https:\/\/www.raes.cz\/author\/","identifier":1,"image":{"@type":"ImageObject","@id":"https:\/\/secure.gravatar.com\/avatar\/13dbcc20b7c05fcb5c4a6b0bee5a7107a0aae9238a83a4088a42d170780b2eca?s=96&d=mm&r=g","url":"https:\/\/secure.gravatar.com\/avatar\/13dbcc20b7c05fcb5c4a6b0bee5a7107a0aae9238a83a4088a42d170780b2eca?s=96&d=mm&r=g","height":96,"width":96}},"publisher":{"@type":"Organization","name":"raes.cz","logo":{"@type":"ImageObject","@id":"\/logo.png","url":"\/logo.png","width":600,"height":60}},"image":null,"keywords":null},{"@type":"Article","@id":"https:\/\/www.raes.cz\/levne-bydleni\/","headline":"Levn\u00e9 bydlen\u00ed","url":"https:\/\/www.raes.cz\/levne-bydleni\/","datePublished":"2022-12-31","dateModified":"2023-05-01","mainEntityOfPage":"https:\/\/www.raes.cz\/levne-bydleni\/","author":{"@type":"Person","@id":"https:\/\/www.raes.cz\/author\/#Person","name":"","url":"https:\/\/www.raes.cz\/author\/","identifier":1,"image":{"@type":"ImageObject","@id":"https:\/\/secure.gravatar.com\/avatar\/13dbcc20b7c05fcb5c4a6b0bee5a7107a0aae9238a83a4088a42d170780b2eca?s=96&d=mm&r=g","url":"https:\/\/secure.gravatar.com\/avatar\/13dbcc20b7c05fcb5c4a6b0bee5a7107a0aae9238a83a4088a42d170780b2eca?s=96&d=mm&r=g","height":96,"width":96}},"publisher":{"@type":"Organization","name":"raes.cz","logo":{"@type":"ImageObject","@id":"\/logo.png","url":"\/logo.png","width":600,"height":60}},"image":{"@type":"ImageObject","@id":"https:\/\/www.raes.cz\/wp-content\/uploads\/house-1239420_960_720_2.jpg","url":"https:\/\/www.raes.cz\/wp-content\/uploads\/house-1239420_960_720_2.jpg","height":0,"width":0},"keywords":null},{"@type":"Article","@id":"https:\/\/www.raes.cz\/vyroba-mobilnich-domku\/","headline":"V\u00fdroba mobiln\u00edch domk\u016f","url":"https:\/\/www.raes.cz\/vyroba-mobilnich-domku\/","datePublished":"2021-11-12","dateModified":"2023-05-01","mainEntityOfPage":"https:\/\/www.raes.cz\/vyroba-mobilnich-domku\/","author":{"@type":"Person","@id":"https:\/\/www.raes.cz\/author\/#Person","name":"","url":"https:\/\/www.raes.cz\/author\/","identifier":1,"image":{"@type":"ImageObject","@id":"https:\/\/secure.gravatar.com\/avatar\/13dbcc20b7c05fcb5c4a6b0bee5a7107a0aae9238a83a4088a42d170780b2eca?s=96&d=mm&r=g","url":"https:\/\/secure.gravatar.com\/avatar\/13dbcc20b7c05fcb5c4a6b0bee5a7107a0aae9238a83a4088a42d170780b2eca?s=96&d=mm&r=g","height":96,"width":96}},"publisher":{"@type":"Organization","name":"raes.cz","logo":{"@type":"ImageObject","@id":"\/logo.png","url":"\/logo.png","width":600,"height":60}},"image":{"@type":"ImageObject","@id":"https:\/\/www.raes.cz\/wp-content\/uploads\/d%C5%AFm%20smlouva_2.jpg","url":"https:\/\/www.raes.cz\/wp-content\/uploads\/d%C5%AFm%20smlouva_2.jpg","height":0,"width":0},"keywords":null},{"@type":"Article","@id":"https:\/\/www.raes.cz\/kupte-si-vlastni-bydleni-nemusite-na-tom-prodelat\/","headline":"Kupte si vlastn\u00ed bydlen\u00ed. Nemus\u00edte na tom prod\u011blat","url":"https:\/\/www.raes.cz\/kupte-si-vlastni-bydleni-nemusite-na-tom-prodelat\/","datePublished":"2021-09-19","dateModified":"2023-05-01","mainEntityOfPage":"https:\/\/www.raes.cz\/kupte-si-vlastni-bydleni-nemusite-na-tom-prodelat\/","author":{"@type":"Person","@id":"https:\/\/www.raes.cz\/author\/#Person","name":"","url":"https:\/\/www.raes.cz\/author\/","identifier":1,"image":{"@type":"ImageObject","@id":"https:\/\/secure.gravatar.com\/avatar\/13dbcc20b7c05fcb5c4a6b0bee5a7107a0aae9238a83a4088a42d170780b2eca?s=96&d=mm&r=g","url":"https:\/\/secure.gravatar.com\/avatar\/13dbcc20b7c05fcb5c4a6b0bee5a7107a0aae9238a83a4088a42d170780b2eca?s=96&d=mm&r=g","height":96,"width":96}},"publisher":{"@type":"Organization","name":"raes.cz","logo":{"@type":"ImageObject","@id":"\/logo.png","url":"\/logo.png","width":600,"height":60}},"image":{"@type":"ImageObject","@id":"https:\/\/www.raes.cz\/wp-content\/uploads\/Modrotisk.png","url":"https:\/\/www.raes.cz\/wp-content\/uploads\/Modrotisk.png","height":0,"width":0},"keywords":null},{"@type":"Article","@id":"https:\/\/www.raes.cz\/jak-vybrat-tu-spravnou-podlahu-do-vaseho-obydli\/","headline":"Jak vybrat tu spr\u00e1vnou podlahu do va\u0161eho obydl\u00ed?","url":"https:\/\/www.raes.cz\/jak-vybrat-tu-spravnou-podlahu-do-vaseho-obydli\/","datePublished":"2020-09-23","dateModified":"2023-05-01","mainEntityOfPage":"https:\/\/www.raes.cz\/jak-vybrat-tu-spravnou-podlahu-do-vaseho-obydli\/","author":{"@type":"Person","@id":"https:\/\/www.raes.cz\/author\/#Person","name":"","url":"https:\/\/www.raes.cz\/author\/","identifier":1,"image":{"@type":"ImageObject","@id":"https:\/\/secure.gravatar.com\/avatar\/13dbcc20b7c05fcb5c4a6b0bee5a7107a0aae9238a83a4088a42d170780b2eca?s=96&d=mm&r=g","url":"https:\/\/secure.gravatar.com\/avatar\/13dbcc20b7c05fcb5c4a6b0bee5a7107a0aae9238a83a4088a42d170780b2eca?s=96&d=mm&r=g","height":96,"width":96}},"publisher":{"@type":"Organization","name":"raes.cz","logo":{"@type":"ImageObject","@id":"\/logo.png","url":"\/logo.png","width":600,"height":60}},"image":null,"keywords":null},{"@type":"Article","@id":"https:\/\/www.raes.cz\/novy-domov\/","headline":"Nov\u00fd domov","url":"https:\/\/www.raes.cz\/novy-domov\/","datePublished":"2020-09-17","dateModified":"2023-05-01","mainEntityOfPage":"https:\/\/www.raes.cz\/novy-domov\/","author":{"@type":"Person","@id":"https:\/\/www.raes.cz\/author\/#Person","name":"","url":"https:\/\/www.raes.cz\/author\/","identifier":1,"image":{"@type":"ImageObject","@id":"https:\/\/secure.gravatar.com\/avatar\/13dbcc20b7c05fcb5c4a6b0bee5a7107a0aae9238a83a4088a42d170780b2eca?s=96&d=mm&r=g","url":"https:\/\/secure.gravatar.com\/avatar\/13dbcc20b7c05fcb5c4a6b0bee5a7107a0aae9238a83a4088a42d170780b2eca?s=96&d=mm&r=g","height":96,"width":96}},"publisher":{"@type":"Organization","name":"raes.cz","logo":{"@type":"ImageObject","@id":"\/logo.png","url":"\/logo.png","width":600,"height":60}},"image":null,"keywords":null},{"@type":"Article","@id":"https:\/\/www.raes.cz\/prirodni-drevo-i-napodobeniny-aneb-trendy-v-podlahovych-krytinach\/","headline":"P\u0159\u00edrodn\u00ed d\u0159evo i napodobeniny, aneb trendy v podlahov\u00fdch krytin\u00e1ch","url":"https:\/\/www.raes.cz\/prirodni-drevo-i-napodobeniny-aneb-trendy-v-podlahovych-krytinach\/","datePublished":"2020-09-01","dateModified":"2023-05-01","mainEntityOfPage":"https:\/\/www.raes.cz\/prirodni-drevo-i-napodobeniny-aneb-trendy-v-podlahovych-krytinach\/","author":{"@type":"Person","@id":"https:\/\/www.raes.cz\/author\/#Person","name":"","url":"https:\/\/www.raes.cz\/author\/","identifier":1,"image":{"@type":"ImageObject","@id":"https:\/\/secure.gravatar.com\/avatar\/13dbcc20b7c05fcb5c4a6b0bee5a7107a0aae9238a83a4088a42d170780b2eca?s=96&d=mm&r=g","url":"https:\/\/secure.gravatar.com\/avatar\/13dbcc20b7c05fcb5c4a6b0bee5a7107a0aae9238a83a4088a42d170780b2eca?s=96&d=mm&r=g","height":96,"width":96}},"publisher":{"@type":"Organization","name":"raes.cz","logo":{"@type":"ImageObject","@id":"\/logo.png","url":"\/logo.png","width":600,"height":60}},"image":null,"keywords":null},{"@type":"Article","@id":"https:\/\/www.raes.cz\/mikrovlnna-trouba-jako-nepostradatelny-pomocnik\/","headline":"Mikrovlnn\u00e1 trouba, jako nepostradateln\u00fd pomocn\u00edk","url":"https:\/\/www.raes.cz\/mikrovlnna-trouba-jako-nepostradatelny-pomocnik\/","datePublished":"2020-01-16","dateModified":"2023-05-01","mainEntityOfPage":"https:\/\/www.raes.cz\/mikrovlnna-trouba-jako-nepostradatelny-pomocnik\/","author":{"@type":"Person","@id":"https:\/\/www.raes.cz\/author\/#Person","name":"","url":"https:\/\/www.raes.cz\/author\/","identifier":1,"image":{"@type":"ImageObject","@id":"https:\/\/secure.gravatar.com\/avatar\/13dbcc20b7c05fcb5c4a6b0bee5a7107a0aae9238a83a4088a42d170780b2eca?s=96&d=mm&r=g","url":"https:\/\/secure.gravatar.com\/avatar\/13dbcc20b7c05fcb5c4a6b0bee5a7107a0aae9238a83a4088a42d170780b2eca?s=96&d=mm&r=g","height":96,"width":96}},"publisher":{"@type":"Organization","name":"raes.cz","logo":{"@type":"ImageObject","@id":"\/logo.png","url":"\/logo.png","width":600,"height":60}},"image":{"@type":"ImageObject","@id":"https:\/\/www.raes.cz\/wp-content\/uploads\/img_a367405_w4271_t1579840597.png","url":"https:\/\/www.raes.cz\/wp-content\/uploads\/img_a367405_w4271_t1579840597.png","height":0,"width":0},"keywords":null}]}