[{"@context":"https:\/\/schema.org\/","@type":"Article","@id":"https:\/\/www.raes.cz\/bez-pocitace-to-nepujde\/#Article","mainEntityOfPage":"https:\/\/www.raes.cz\/bez-pocitace-to-nepujde\/","headline":"Bez po\u010d\u00edta\u010de to nep\u016fjde","name":"Bez po\u010d\u00edta\u010de to nep\u016fjde","description":"Administrativn\u00ed pracovn\u00edk bez po\u010d\u00edta\u010de nebo notebooku snad dnes ani neexistuje. N\u011bkter\u00e9 v\u011bci prost\u011b v zam\u011bstn\u00e1n\u00ed pot\u0159ebujeme denn\u011b . Pr\u00e1ci bez po\u010d\u00edta\u010d\u016f si neum\u00edme v\u016fbec p\u0159edstavit. &hellip; ","datePublished":"2020-09-11","dateModified":"2023-05-01","author":{"@type":"Person","@id":"https:\/\/www.raes.cz\/author\/#Person","name":"","url":"https:\/\/www.raes.cz\/author\/","identifier":1,"image":{"@type":"ImageObject","@id":"https:\/\/secure.gravatar.com\/avatar\/13dbcc20b7c05fcb5c4a6b0bee5a7107a0aae9238a83a4088a42d170780b2eca?s=96&d=mm&r=g","url":"https:\/\/secure.gravatar.com\/avatar\/13dbcc20b7c05fcb5c4a6b0bee5a7107a0aae9238a83a4088a42d170780b2eca?s=96&d=mm&r=g","height":96,"width":96}},"publisher":{"@type":"Organization","name":"raes.cz","logo":{"@type":"ImageObject","@id":"\/logo.png","url":"\/logo.png","width":600,"height":60}},"image":{"@type":"ImageObject","@id":"https:\/\/www.raes.cz\/wp-content\/uploads\/img_a308469_w2158_t1519552302.jpg","url":"https:\/\/www.raes.cz\/wp-content\/uploads\/img_a308469_w2158_t1519552302.jpg","height":0,"width":0},"url":"https:\/\/www.raes.cz\/bez-pocitace-to-nepujde\/","about":["Spole\u010dnosti"],"wordCount":397,"articleBody":"Administrativn\u00ed pracovn\u00edk bez po\u010d\u00edta\u010de nebo notebooku snad dnes ani neexistuje. N\u011bkter\u00e9 v\u011bci prost\u011b v zam\u011bstn\u00e1n\u00ed pot\u0159ebujeme denn\u011b .Pr\u00e1ci bez po\u010d\u00edta\u010d\u016f si neum\u00edme v\u016fbec p\u0159edstavit. M\u00e1me v n\u011bm ulo\u017eeno tis\u00edce \u00fadaj\u016f a informac\u00ed bez kter\u00fdch by na\u0161e pr\u00e1ce nebyla mo\u017en\u00e1. Po\u010d\u00edta\u010d n\u00e1m slou\u017e\u00ed nejen k pr\u00e1ci, ale i k z\u00e1bav\u011b. Ruku na srdce, kdo si o poledn\u00ed pauze n\u011bkdy nezahr\u00e1l na po\u010d\u00edta\u010di n\u011bjakou tu hru nebo neposlouchal hudbu.Jak\u00fd po\u010d\u00edta\u010d bychom m\u011bli vlastn\u011b v kancel\u00e1\u0159i m\u00edt. Jak\u00e9 mus\u00ed spl\u0148ovat parametry, aby se n\u00e1m s n\u00edm dob\u0159e pracovalo a abychom zat\u011b\u017eovali p\u0159i pr\u00e1ci s n\u00edm co nejm\u00e9n\u011b sv\u00e9 zdrav\u00ed.D\u016fle\u017eit\u00e1 bude ur\u010dit\u011b obrazovka. Kvalitn\u00ed monitor by m\u011bl spl\u0148ovat v\u00edce krit\u00e9ri\u00ed. Z\u00e1le\u017eet bude samoz\u0159ejm\u011b tak\u00e9 na tom, k jak\u00e9 pr\u00e1ci obrazovku pot\u0159ebujete u\u017e\u00edvat. \u00da\u010detn\u00ed nejsp\u00ed\u0161 nebude pot\u0159ebovat tak dokonal\u00e9 barevn\u00e9 rozli\u0161en\u00ed jako grafik nebo fotograf, pro kter\u00e9ho bude d\u016fle\u017eit\u00fd barevn\u00fd kontrast s mo\u017enost\u00ed nastaven\u00ed.Velikost monitoru bude z\u00e1le\u017eet asi \u010dist\u011b na va\u0161em subjektivn\u00edm pocitu. N\u011bkomu bude v\u00edce vyhovovat v\u011bt\u0161\u00ed uhlop\u0159\u00ed\u010dka obrazovky, n\u011bkdo zvol\u00ed rad\u011bji monitor men\u0161\u00ed velikosti. Velikost volte tak\u00e9 podle toho, jak daleko m\u00e1te monitor um\u00edst\u011bn od o\u010d\u00ed. D\u00e1le si m\u016f\u017eete zvolit mezi lesklou nebo matnou povrchovou \u00fapravou obrazovky. U monitoru s leskl\u00fdm povrchem m\u00e1te sice zaji\u0161t\u011bn lep\u0161\u00ed kontrast, bohu\u017eel p\u0159i sv\u011btle dopadaj\u00edc\u00edm na obrazovku se zhor\u0161\u00ed \u010ditelnost.Ned\u00edlnou a opom\u00edjenou sou\u010d\u00e1st\u00ed po\u010d\u00edta\u010de je my\u0161. Zd\u00e1nliv\u011b jednoduch\u00e9 za\u0159\u00edzen\u00ed v\u00e1m m\u016f\u017ee zp\u016fsobit p\u0159i ka\u017edodenn\u00ed pr\u00e1ci s po\u010d\u00edta\u010dem nep\u0159\u00edjemn\u00e9 zdravotn\u00ed pot\u00ed\u017ee a t\u00edm je bolestiv\u00fd z\u00e1n\u011bt \u0161lach v z\u00e1p\u011bst\u00ed.Pokud je to jen trochu mo\u017en\u00e9 nechte si vybavit po\u010d\u00edta\u010dergonomickou podp\u011brkou s my\u0161\u00ed. Podp\u011brka v\u00e1m umo\u017en\u00ed p\u0159i pr\u00e1ci pohodln\u00e9 podep\u0159en\u00ed z\u00e1p\u011bst\u00ed, kter\u00e9 nebudete t\u00edm p\u00e1dem nadm\u011brn\u011b nam\u00e1hat. Ide\u00e1ln\u00ed bude podp\u011brka s gelovou n\u00e1pln\u00ed.                                                                                                                                                                                                                                                                                                                                                                                        4.2\/5 - (4 votes)        "},{"@context":"https:\/\/schema.org\/","@type":"BreadcrumbList","itemListElement":[{"@type":"ListItem","position":1,"name":"Bez po\u010d\u00edta\u010de to nep\u016fjde","item":"https:\/\/www.raes.cz\/bez-pocitace-to-nepujde\/#breadcrumbitem"}]}]