[{"@context":"https:\/\/schema.org\/","@type":"Blog","@id":"https:\/\/www.raes.cz#Blog","headline":"Raes","description":"\nM\u00e1te n\u011bjak\u00e9 voln\u00e9 finan\u010dn\u00ed prost\u0159edky a r\u00e1di byste je do n\u011b\u010deho investovali? Pak m\u00e1te nep\u0159ebern\u011b mo\u017enost\u00ed. Ale jist\u00e1 je u v\u0161ech investic jen nejistota.","url":"https:\/\/www.raes.cz","hasPart":[{"@type":"Article","@id":"https:\/\/www.raes.cz\/bydleni-o-jakem-jste-snili\/","headline":"Bydlen\u00ed, o jak\u00e9m jste snili","url":"https:\/\/www.raes.cz\/bydleni-o-jakem-jste-snili\/","datePublished":"2026-01-10","dateModified":"2026-01-10","mainEntityOfPage":"https:\/\/www.raes.cz\/bydleni-o-jakem-jste-snili\/","author":{"@type":"Person","@id":"https:\/\/www.raes.cz\/author\/#Person","name":"","url":"https:\/\/www.raes.cz\/author\/","identifier":1,"image":{"@type":"ImageObject","@id":"https:\/\/secure.gravatar.com\/avatar\/13dbcc20b7c05fcb5c4a6b0bee5a7107a0aae9238a83a4088a42d170780b2eca?s=96&d=mm&r=g","url":"https:\/\/secure.gravatar.com\/avatar\/13dbcc20b7c05fcb5c4a6b0bee5a7107a0aae9238a83a4088a42d170780b2eca?s=96&d=mm&r=g","height":96,"width":96}},"publisher":{"@type":"Organization","name":"raes.cz","logo":{"@type":"ImageObject","@id":"\/logo.png","url":"\/logo.png","width":600,"height":60}},"image":{"@type":"ImageObject","@id":"https:\/\/www.raes.cz\/wp-content\/uploads\/planning-gd8e6d4d30_640_10_10_10_10_10_10_6.jpg","url":"https:\/\/www.raes.cz\/wp-content\/uploads\/planning-gd8e6d4d30_640_10_10_10_10_10_10_6.jpg","height":0,"width":0},"wordCount":531,"keywords":null},{"@type":"Article","@id":"https:\/\/www.raes.cz\/dira-v-zemi\/","headline":"D\u00edra v zemi","url":"https:\/\/www.raes.cz\/dira-v-zemi\/","datePublished":"2025-12-14","dateModified":"2025-12-14","mainEntityOfPage":"https:\/\/www.raes.cz\/dira-v-zemi\/","author":{"@type":"Person","@id":"https:\/\/www.raes.cz\/author\/#Person","name":"","url":"https:\/\/www.raes.cz\/author\/","identifier":1,"image":{"@type":"ImageObject","@id":"https:\/\/secure.gravatar.com\/avatar\/13dbcc20b7c05fcb5c4a6b0bee5a7107a0aae9238a83a4088a42d170780b2eca?s=96&d=mm&r=g","url":"https:\/\/secure.gravatar.com\/avatar\/13dbcc20b7c05fcb5c4a6b0bee5a7107a0aae9238a83a4088a42d170780b2eca?s=96&d=mm&r=g","height":96,"width":96}},"publisher":{"@type":"Organization","name":"raes.cz","logo":{"@type":"ImageObject","@id":"\/logo.png","url":"\/logo.png","width":600,"height":60}},"image":{"@type":"ImageObject","@id":"https:\/\/www.raes.cz\/wp-content\/uploads\/pexels-olly-3775163_1.jpg","url":"https:\/\/www.raes.cz\/wp-content\/uploads\/pexels-olly-3775163_1.jpg","height":0,"width":0},"wordCount":644,"keywords":null},{"@type":"Article","@id":"https:\/\/www.raes.cz\/spoluprace-s-maklerem\/","headline":"Spolupr\u00e1ce s makl\u00e9\u0159em","url":"https:\/\/www.raes.cz\/spoluprace-s-maklerem\/","datePublished":"2025-11-19","dateModified":"2025-11-19","mainEntityOfPage":"https:\/\/www.raes.cz\/spoluprace-s-maklerem\/","author":{"@type":"Person","@id":"https:\/\/www.raes.cz\/author\/#Person","name":"","url":"https:\/\/www.raes.cz\/author\/","identifier":1,"image":{"@type":"ImageObject","@id":"https:\/\/secure.gravatar.com\/avatar\/13dbcc20b7c05fcb5c4a6b0bee5a7107a0aae9238a83a4088a42d170780b2eca?s=96&d=mm&r=g","url":"https:\/\/secure.gravatar.com\/avatar\/13dbcc20b7c05fcb5c4a6b0bee5a7107a0aae9238a83a4088a42d170780b2eca?s=96&d=mm&r=g","height":96,"width":96}},"publisher":{"@type":"Organization","name":"raes.cz","logo":{"@type":"ImageObject","@id":"\/logo.png","url":"\/logo.png","width":600,"height":60}},"image":{"@type":"ImageObject","@id":"https:\/\/www.raes.cz\/wp-content\/uploads\/pexels-kampus-8815809(1).jpg","url":"https:\/\/www.raes.cz\/wp-content\/uploads\/pexels-kampus-8815809(1).jpg","height":0,"width":0},"wordCount":526,"keywords":null},{"@type":"Article","@id":"https:\/\/www.raes.cz\/oblecte-sve-dite-kvalitne\/","headline":"Oble\u010dte sv\u00e9 d\u00edt\u011b kvalitn\u011b","url":"https:\/\/www.raes.cz\/oblecte-sve-dite-kvalitne\/","datePublished":"2025-11-19","dateModified":"2025-11-19","mainEntityOfPage":"https:\/\/www.raes.cz\/oblecte-sve-dite-kvalitne\/","author":{"@type":"Person","@id":"https:\/\/www.raes.cz\/author\/#Person","name":"","url":"https:\/\/www.raes.cz\/author\/","identifier":1,"image":{"@type":"ImageObject","@id":"https:\/\/secure.gravatar.com\/avatar\/13dbcc20b7c05fcb5c4a6b0bee5a7107a0aae9238a83a4088a42d170780b2eca?s=96&d=mm&r=g","url":"https:\/\/secure.gravatar.com\/avatar\/13dbcc20b7c05fcb5c4a6b0bee5a7107a0aae9238a83a4088a42d170780b2eca?s=96&d=mm&r=g","height":96,"width":96}},"publisher":{"@type":"Organization","name":"raes.cz","logo":{"@type":"ImageObject","@id":"\/logo.png","url":"\/logo.png","width":600,"height":60}},"image":{"@type":"ImageObject","@id":"https:\/\/www.raes.cz\/wp-content\/uploads\/baby-7540912_640_10_6.jpg","url":"https:\/\/www.raes.cz\/wp-content\/uploads\/baby-7540912_640_10_6.jpg","height":0,"width":0},"wordCount":524,"keywords":null},{"@type":"Article","@id":"https:\/\/www.raes.cz\/sitotisk-je-velmi-stara-ale-stale-osvedcena-tiskova-metoda\/","headline":"S\u00edtotisk je velmi star\u00e1, ale st\u00e1le osv\u011bd\u010den\u00e1 tiskov\u00e1 metoda","url":"https:\/\/www.raes.cz\/sitotisk-je-velmi-stara-ale-stale-osvedcena-tiskova-metoda\/","datePublished":"2025-11-02","dateModified":"2025-11-02","mainEntityOfPage":"https:\/\/www.raes.cz\/sitotisk-je-velmi-stara-ale-stale-osvedcena-tiskova-metoda\/","author":{"@type":"Person","@id":"https:\/\/www.raes.cz\/author\/#Person","name":"","url":"https:\/\/www.raes.cz\/author\/","identifier":1,"image":{"@type":"ImageObject","@id":"https:\/\/secure.gravatar.com\/avatar\/13dbcc20b7c05fcb5c4a6b0bee5a7107a0aae9238a83a4088a42d170780b2eca?s=96&d=mm&r=g","url":"https:\/\/secure.gravatar.com\/avatar\/13dbcc20b7c05fcb5c4a6b0bee5a7107a0aae9238a83a4088a42d170780b2eca?s=96&d=mm&r=g","height":96,"width":96}},"publisher":{"@type":"Organization","name":"raes.cz","logo":{"@type":"ImageObject","@id":"\/logo.png","url":"\/logo.png","width":600,"height":60}},"image":{"@type":"ImageObject","@id":"https:\/\/www.raes.cz\/wp-content\/uploads\/t-shirt-1524677_640_10_10_7.jpg","url":"https:\/\/www.raes.cz\/wp-content\/uploads\/t-shirt-1524677_640_10_10_7.jpg","height":0,"width":0},"wordCount":575,"keywords":null},{"@type":"Article","@id":"https:\/\/www.raes.cz\/reklamni-mikiny-pro-vystup-na-snezku\/","headline":"Reklamn\u00ed mikiny pro v\u00fdstup na Sn\u011b\u017eku","url":"https:\/\/www.raes.cz\/reklamni-mikiny-pro-vystup-na-snezku\/","datePublished":"2025-10-20","dateModified":"2025-10-20","mainEntityOfPage":"https:\/\/www.raes.cz\/reklamni-mikiny-pro-vystup-na-snezku\/","author":{"@type":"Person","@id":"https:\/\/www.raes.cz\/author\/#Person","name":"","url":"https:\/\/www.raes.cz\/author\/","identifier":1,"image":{"@type":"ImageObject","@id":"https:\/\/secure.gravatar.com\/avatar\/13dbcc20b7c05fcb5c4a6b0bee5a7107a0aae9238a83a4088a42d170780b2eca?s=96&d=mm&r=g","url":"https:\/\/secure.gravatar.com\/avatar\/13dbcc20b7c05fcb5c4a6b0bee5a7107a0aae9238a83a4088a42d170780b2eca?s=96&d=mm&r=g","height":96,"width":96}},"publisher":{"@type":"Organization","name":"raes.cz","logo":{"@type":"ImageObject","@id":"\/logo.png","url":"\/logo.png","width":600,"height":60}},"image":{"@type":"ImageObject","@id":"https:\/\/www.raes.cz\/wp-content\/uploads\/cat-9894304_640.jpg","url":"https:\/\/www.raes.cz\/wp-content\/uploads\/cat-9894304_640.jpg","height":0,"width":0},"wordCount":658,"keywords":null},{"@type":"Article","@id":"https:\/\/www.raes.cz\/plot-z-drateneho-pletiva-povazuji-za-tradicni-a-stale-skvele-reseni-oploceni-pozemku\/","headline":"Plot z dr\u00e1t\u011bn\u00e9ho pletiva pova\u017euji za tradi\u010dn\u00ed a st\u00e1le skv\u011bl\u00e9 \u0159e\u0161en\u00ed oplocen\u00ed pozemku","url":"https:\/\/www.raes.cz\/plot-z-drateneho-pletiva-povazuji-za-tradicni-a-stale-skvele-reseni-oploceni-pozemku\/","datePublished":"2025-10-05","dateModified":"2025-10-05","mainEntityOfPage":"https:\/\/www.raes.cz\/plot-z-drateneho-pletiva-povazuji-za-tradicni-a-stale-skvele-reseni-oploceni-pozemku\/","author":{"@type":"Person","@id":"https:\/\/www.raes.cz\/author\/#Person","name":"","url":"https:\/\/www.raes.cz\/author\/","identifier":1,"image":{"@type":"ImageObject","@id":"https:\/\/secure.gravatar.com\/avatar\/13dbcc20b7c05fcb5c4a6b0bee5a7107a0aae9238a83a4088a42d170780b2eca?s=96&d=mm&r=g","url":"https:\/\/secure.gravatar.com\/avatar\/13dbcc20b7c05fcb5c4a6b0bee5a7107a0aae9238a83a4088a42d170780b2eca?s=96&d=mm&r=g","height":96,"width":96}},"publisher":{"@type":"Organization","name":"raes.cz","logo":{"@type":"ImageObject","@id":"\/logo.png","url":"\/logo.png","width":600,"height":60}},"image":{"@type":"ImageObject","@id":"https:\/\/www.raes.cz\/wp-content\/uploads\/sparrow-7182408_640_8.jpg","url":"https:\/\/www.raes.cz\/wp-content\/uploads\/sparrow-7182408_640_8.jpg","height":0,"width":0},"wordCount":593,"keywords":null},{"@type":"Article","@id":"https:\/\/www.raes.cz\/budte-s-novymi-garazovymi-vraty-za-vodou\/","headline":"Bu\u010fte s nov\u00fdmi gar\u00e1\u017eov\u00fdmi vraty za vodou","url":"https:\/\/www.raes.cz\/budte-s-novymi-garazovymi-vraty-za-vodou\/","datePublished":"2025-08-13","dateModified":"2025-08-13","mainEntityOfPage":"https:\/\/www.raes.cz\/budte-s-novymi-garazovymi-vraty-za-vodou\/","author":{"@type":"Person","@id":"https:\/\/www.raes.cz\/author\/#Person","name":"","url":"https:\/\/www.raes.cz\/author\/","identifier":1,"image":{"@type":"ImageObject","@id":"https:\/\/secure.gravatar.com\/avatar\/13dbcc20b7c05fcb5c4a6b0bee5a7107a0aae9238a83a4088a42d170780b2eca?s=96&d=mm&r=g","url":"https:\/\/secure.gravatar.com\/avatar\/13dbcc20b7c05fcb5c4a6b0bee5a7107a0aae9238a83a4088a42d170780b2eca?s=96&d=mm&r=g","height":96,"width":96}},"publisher":{"@type":"Organization","name":"raes.cz","logo":{"@type":"ImageObject","@id":"\/logo.png","url":"\/logo.png","width":600,"height":60}},"image":{"@type":"ImageObject","@id":"https:\/\/www.raes.cz\/wp-content\/uploads\/house-1836070_640_10_10_10_10_10_10_10_10_10_10_10_9.jpg","url":"https:\/\/www.raes.cz\/wp-content\/uploads\/house-1836070_640_10_10_10_10_10_10_10_10_10_10_10_9.jpg","height":0,"width":0},"wordCount":637,"keywords":null},{"@type":"Article","@id":"https:\/\/www.raes.cz\/pujcka-neni-samozrejmost\/","headline":"P\u016fj\u010dka nen\u00ed samoz\u0159ejmost","url":"https:\/\/www.raes.cz\/pujcka-neni-samozrejmost\/","datePublished":"2025-07-06","dateModified":"2025-07-06","mainEntityOfPage":"https:\/\/www.raes.cz\/pujcka-neni-samozrejmost\/","author":{"@type":"Person","@id":"https:\/\/www.raes.cz\/author\/#Person","name":"","url":"https:\/\/www.raes.cz\/author\/","identifier":1,"image":{"@type":"ImageObject","@id":"https:\/\/secure.gravatar.com\/avatar\/13dbcc20b7c05fcb5c4a6b0bee5a7107a0aae9238a83a4088a42d170780b2eca?s=96&d=mm&r=g","url":"https:\/\/secure.gravatar.com\/avatar\/13dbcc20b7c05fcb5c4a6b0bee5a7107a0aae9238a83a4088a42d170780b2eca?s=96&d=mm&r=g","height":96,"width":96}},"publisher":{"@type":"Organization","name":"raes.cz","logo":{"@type":"ImageObject","@id":"\/logo.png","url":"\/logo.png","width":600,"height":60}},"image":{"@type":"ImageObject","@id":"https:\/\/www.raes.cz\/wp-content\/uploads\/pppppppppppppppppppppppppppppppppppppppppppppppppppppppppppppppppppppp_5.jpg","url":"https:\/\/www.raes.cz\/wp-content\/uploads\/pppppppppppppppppppppppppppppppppppppppppppppppppppppppppppppppppppppp_5.jpg","height":0,"width":0},"wordCount":621,"keywords":null},{"@type":"Article","@id":"https:\/\/www.raes.cz\/jak-ekologicky-zabalit-veci-pred-stehovanim-do-zahranici\/","headline":"Jak ekologicky zabalit v\u011bci p\u0159ed st\u011bhov\u00e1n\u00edm do zahrani\u010d\u00ed","url":"https:\/\/www.raes.cz\/jak-ekologicky-zabalit-veci-pred-stehovanim-do-zahranici\/","datePublished":"2025-07-03","dateModified":"2025-07-03","mainEntityOfPage":"https:\/\/www.raes.cz\/jak-ekologicky-zabalit-veci-pred-stehovanim-do-zahranici\/","author":{"@type":"Person","@id":"https:\/\/www.raes.cz\/author\/#Person","name":"","url":"https:\/\/www.raes.cz\/author\/","identifier":1,"image":{"@type":"ImageObject","@id":"https:\/\/secure.gravatar.com\/avatar\/13dbcc20b7c05fcb5c4a6b0bee5a7107a0aae9238a83a4088a42d170780b2eca?s=96&d=mm&r=g","url":"https:\/\/secure.gravatar.com\/avatar\/13dbcc20b7c05fcb5c4a6b0bee5a7107a0aae9238a83a4088a42d170780b2eca?s=96&d=mm&r=g","height":96,"width":96}},"publisher":{"@type":"Organization","name":"raes.cz","logo":{"@type":"ImageObject","@id":"\/logo.png","url":"\/logo.png","width":600,"height":60}},"image":{"@type":"ImageObject","@id":"https:\/\/www.raes.cz\/wp-content\/uploads\/box-2507269_640_10.png","url":"https:\/\/www.raes.cz\/wp-content\/uploads\/box-2507269_640_10.png","height":0,"width":0},"wordCount":602,"keywords":null}]},{"@context":"https:\/\/schema.org","@type":"WebSite","@id":"https:\/\/www.raes.cz\/#website","name":"Raes","url":"https:\/\/www.raes.cz","potentialAction":{"@type":"SearchAction","target":"https:\/\/www.raes.cz\/?s={search_term_string}","query-input":"required name=search_term_string"}}]